{"id":18793,"date":"2010-05-09T16:41:08","date_gmt":"2010-05-09T14:41:08","guid":{"rendered":"http:\/\/www.pasteris.it\/blog\/?p=18793"},"modified":"2010-05-09T10:22:07","modified_gmt":"2010-05-09T08:22:07","slug":"eyjafjallajkull-il-giustiziere-e-la-morte-della-distanza","status":"publish","type":"post","link":"https:\/\/www.pasteris.it\/blog\/2010\/05\/09\/eyjafjallajkull-il-giustiziere-e-la-morte-della-distanza\/","title":{"rendered":"Eyjafjallajkull il giustiziere e la morte della distanza"},"content":{"rendered":"<p><img loading=\"lazy\" decoding=\"async\" class=\"alignright\" title=\"Eyjafjallajkull\" src=\"http:\/\/i43.tinypic.com\/123mj4i.jpg\" alt=\"\" width=\"200\" height=\"225\" \/>Il vulcano islandese <a href=\"http:\/\/it.wikipedia.org\/wiki\/Eyjafjallaj%C3%B6kull\">Eyjafjallajkull<\/a> e le sue nuvole di ceneri hanno ripreso a<a href=\"http:\/\/www.eurocontrol.int\/corporate\/public\/site_preferences\/display_news_list.html\"> mandare in tilt il traffico aereo di mezza Europa<\/a>.<\/p>\n<p>Ci si chiede perch\u00e8 milioni di businessman o presunti tali, debbano muoversi come dei birilli impazziti per l&#8217;Europa o per il mondo per incontri e riunioni quando con gli odierni strumenti di rete come videoconferenza o condivisione a distanza di risorse \u00e8 possibile lavorare e comunicare. Quando si verificano\u00a0 blocchi prolungati dei voli come <a href=\"http:\/\/www.pasteris.it\/blog\/2009\/09\/11\/11-settembre-2001-8-anni-dopo\/\">dopo l&#8217;undici settembre <\/a>delle torri gemelle o ora per il nuvolone del vulcano islandese, <a href=\"http:\/\/smartercity.liquida.it\/2010\/04\/20\/boom-di-videoconferenze-per-i-businessman-bloccati-da-eyjafjoll\">crescono improvvisamente i fatturati<\/a> delle <a href=\"http:\/\/www.regus.it\/\">aziende<\/a> di videoconferenza.<\/p>\n<p>Poi si ritorna alla norma ovvero alla grande sarabanda di aeroporti, check-in e consimili.<\/p>\n<p>Frances Cairncross scrisse <a href=\"http:\/\/books.google.com\/books?id=d6Xk9wOH_3IC&amp;dq=the+death+of+distance&amp;hl=it&amp;source=gbs_navlinks_s\">The Death of the distance<\/a> nel 1997. Era un libro visonario e intelligente che dimostrava che molte cose sarebbero cambiate. Le tecnologie di comunicazione del tempo permettevano molto di meno di quello che oggi \u00e8 possibile fare a costo praticamente nullo con Skype. Le filosofie delle piccole aziende dinamiche hanno inparato la lezione del libro. Quelle delle mega aziende che non hanno troppa dimestichezza con parole come efficienza e riduzione dei costi non sono di molto cambiate. Per molto si \u00e8 parlato di telealvoro che \u00e8 diventato una grande realt\u00e0 per chi lavora con la rete e per la rete. E gli altri ?<\/p>\n<p>Non \u00e8 molto pi\u00f9 comodo muovere i bit e non dover muoversi convulsamente per il mondo ?<br \/>\nNon costa decisamente meno alle casse delle piccole o grandi aziende ?<br \/>\nE non rende tutti meno stressati ?<\/p>\n","protected":false},"excerpt":{"rendered":"<p>Il vulcano islandese Eyjafjallajkull e le sue nuvole di ceneri hanno ripreso a mandare in tilt il traffico aereo di mezza Europa. Ci si chiede perch\u00e8 milioni di businessman o presunti tali, debbano muoversi come dei birilli impazziti per l&#8217;Europa o per il mondo per incontri e riunioni quando con gli odierni strumenti di rete &#8230; <a title=\"Eyjafjallajkull il giustiziere e la morte della distanza\" class=\"read-more\" href=\"https:\/\/www.pasteris.it\/blog\/2010\/05\/09\/eyjafjallajkull-il-giustiziere-e-la-morte-della-distanza\/\" aria-label=\"Per saperne di pi\u00f9 su Eyjafjallajkull il giustiziere e la morte della distanza\">Leggi tutto<\/a><\/p>\n","protected":false},"author":3,"featured_media":0,"comment_status":"open","ping_status":"open","sticky":false,"template":"","format":"standard","meta":{"footnotes":""},"categories":[17,6,15,32],"tags":[2162,426,1126,503,1322],"class_list":["post-18793","post","type-post","status-publish","format-standard","hentry","category-economia","category-internet","category-mobile","category-pensieri","tag-economia","tag-lavoro","tag-telelavoro","tag-viaggiare","tag-volare"],"_links":{"self":[{"href":"https:\/\/www.pasteris.it\/blog\/wp-json\/wp\/v2\/posts\/18793","targetHints":{"allow":["GET"]}}],"collection":[{"href":"https:\/\/www.pasteris.it\/blog\/wp-json\/wp\/v2\/posts"}],"about":[{"href":"https:\/\/www.pasteris.it\/blog\/wp-json\/wp\/v2\/types\/post"}],"author":[{"embeddable":true,"href":"https:\/\/www.pasteris.it\/blog\/wp-json\/wp\/v2\/users\/3"}],"replies":[{"embeddable":true,"href":"https:\/\/www.pasteris.it\/blog\/wp-json\/wp\/v2\/comments?post=18793"}],"version-history":[{"count":4,"href":"https:\/\/www.pasteris.it\/blog\/wp-json\/wp\/v2\/posts\/18793\/revisions"}],"predecessor-version":[{"id":18796,"href":"https:\/\/www.pasteris.it\/blog\/wp-json\/wp\/v2\/posts\/18793\/revisions\/18796"}],"wp:attachment":[{"href":"https:\/\/www.pasteris.it\/blog\/wp-json\/wp\/v2\/media?parent=18793"}],"wp:term":[{"taxonomy":"category","embeddable":true,"href":"https:\/\/www.pasteris.it\/blog\/wp-json\/wp\/v2\/categories?post=18793"},{"taxonomy":"post_tag","embeddable":true,"href":"https:\/\/www.pasteris.it\/blog\/wp-json\/wp\/v2\/tags?post=18793"}],"curies":[{"name":"wp","href":"https:\/\/api.w.org\/{rel}","templated":true}]}}