{"id":18814,"date":"2010-05-10T08:51:34","date_gmt":"2010-05-10T06:51:34","guid":{"rendered":"http:\/\/www.pasteris.it\/blog\/?p=18814"},"modified":"2010-05-09T19:02:04","modified_gmt":"2010-05-09T17:02:04","slug":"lipad-per-una-fruizione-autistica-della-multimedialita","status":"publish","type":"post","link":"https:\/\/www.pasteris.it\/blog\/2010\/05\/10\/lipad-per-una-fruizione-autistica-della-multimedialita\/","title":{"rendered":"L&#8217;Ipad per una fruizione autistica della multimedialit\u00e0"},"content":{"rendered":"<p><a href=\"http:\/\/antoniotombolini.simplicissimus.it\/2010\/05\/ipad-4-ipad-adesso-ce-lho-e-vi-dico-che.html\">Il maestro Antonio Tombolino prova Ipad<\/a><\/p>\n<blockquote><p>Bello \u00e8 bello, direi pi\u00f9 di quanto le immagini  lascino sospettare, e pi\u00f9 dell\u2019iPhone. Per\u00f2 pesa troppo:  psicologicamente, perch\u00e9 l\u2019occhio, a giudicarne forma e  spessori, si aspetterebbe assai meno; ma anche materialmente,  perch\u00e9 \u00e8 impossibile usarlo come tutta l\u2019iconografia di casa Apple  lascia pensare, ovvero brandendolo con una sola mano per farci qualsiasi  cosa, pena la distorsione del polso o la caduta a terra del gingillo (mille  distorsioni tutta la vita! grida intanto il drappello di applisti  dietro di me).<\/p>\n<p><object width=\"480\" height=\"385\"><param name=\"movie\" value=\"http:\/\/www.youtube.com\/v\/_q5a0QnNas8&#038;hl=it_IT&#038;fs=1&#038;rel=0&#038;color1=0x3a3a3a&#038;color2=0x999999\"><\/param><param name=\"allowFullScreen\" value=\"true\"><\/param><param name=\"allowscriptaccess\" value=\"always\"><\/param><embed src=\"http:\/\/www.youtube.com\/v\/_q5a0QnNas8&#038;hl=it_IT&#038;fs=1&#038;rel=0&#038;color1=0x3a3a3a&#038;color2=0x999999\" type=\"application\/x-shockwave-flash\" allowscriptaccess=\"always\" allowfullscreen=\"true\" width=\"480\" height=\"385\"><\/embed><\/object><\/p>\n<p>Diciamo subito una cosa: non pu\u00f2 assolutamente sostituire il  netbook o il portatile che vi portate nello zaino per lavorare  in mobilit\u00e0. E non si tratta solo della tastiera virtuale (niente  scrittura a dieci dita ovviamente, e il piano posteriore \u00e8 curvo, cos\u00ec  che se non vi attrezzate con un piano inclinato \u00e8 impossibile  appoggiarlo in maniera stabile): basta una tastiera bluetooth, e il  gioco \u00e8 fatto. No, il problema \u00e8 un altro: questo aggeggio si vuole  fieramente isolato, solitario, quasi autistico. Vi  basti questa: l\u2019applicazione che serve a gestire i fogli  elettronici, al di l\u00e0 delle difficolt\u00e0 di input ecc\u2026, non  supporta l\u2019esportazione al formato excel!<\/p>\n<p>La resa di immagini e video \u00e8 quanto di pi\u00f9 sexy ci sia in circolazione. E anche l\u2019audio embedded \u00e8 di buona qualit\u00e0,  assai meglio che il vivavoce dell\u2019iPhone, decisamente di quello del  miglior netbook. Se tanto mi d\u00e0 tanto appiccicarlo ad un qualche  amplificatore con un par di buone casse potrebbe suonare discretamente  bene, ma non ho ancora provato. Insomma, si vede che \u00e8 nato per  questo: per far vedere immagini, filmati, animazioni, colori,  effetti speciali, dissolvenze, veli e squarci. Prima conseguenza: produttori  di film, animazioni, presentazioni, videoclips, comics, videogames, tv  show, foto, magazine, ecc\u2026 tuffatevi su iPad. Non sostituir\u00e0 la  TV (soprattutto ora che stanno arrivando 3D e connesse a internet) ma  poter vedere cose e video-giocare a quel livello in mobilit\u00e0 funziona.<\/p>\n<p><!--more--><\/p>\n<p>Connesso a quanto sopra: signori della Scuola, e dell\u2019Universit\u00e0, e  della Formazione in genere (intellettuale, tecnica, professionale), non  potete permettervi di ignorare iPad. Magari per poi prendere in  considerazione qualcuno dei tanti tablet alternativi iPad-like che a  breve invaderanno il mercato, ma quest\u2019oggetto trova nella  formazione il suo campo di applicazione pi\u00f9 importante. Forse  l\u2019ho gi\u00e0 detto altrove, ma lo ripeto: immaginare un testo scolastico di  chimica pensato e costruito <a href=\"http:\/\/www.boingboing.net\/2010\/04\/01\/the-elements-for-ipa.html\">cos\u00ec<\/a> apre prospettive immense. E appena mia figlia Matilde (6 anni) si \u00e8  impossessata di iPad ci ha messo 5 secondi netti ad aprire la prima  applicazione, per poi aprirle una ad una fino a fermarsi su quella coi  colori e la carta per disegnare, e tutto il resto che potete immaginare.<\/p>\n<p>E infine, i libri. Ma a essere onesto non solo i  libri, ma anche i giornali, e le riviste. Non so bene  come dirlo senza apparire esagerato, ma insomma, \u00e8 cos\u00ec: leggere  una pagina di testo \u00e8 letteralmente impossibile. Assai pi\u00f9  fastidioso e meno confortevole che da qualsiasi altro monitor LCD. Credo  per la stessa ragione per cui le immagini rendono in maniera  meravigliosa: luminosit\u00e0, definizione, contrasto, tutto al massimo. E  questo significa radiazioni luminose al massimo. La pagina bianca  abbaglia l\u2019occhio, e la lettura dei caratterini neri \u00e8 davvero molto  molto faticosa.<\/p>\n<p>Libri illustrati, e magari animati, riviste fotografiche,  fotogiornali, videogiornale: tutto questo trover\u00e0 in iPad un alleato ed  una spinta formidabili. Il testo no: iPad non \u00e8 amico del testo. Non lo \u00e8  delle 200 pagine di un romanzo, amici scrittori, amici editori, amici  lettori. Ma non lo \u00e8 neanche delle due pagine di un articolo di  giornale, provare per credere.<\/p>\n<p>Sarebbe dunque questo un difetto di iPad? No, non lo \u00e8. iPad non  nasce per consentire la lettura di testi, ma per far vedere, far  sentire, far muovere (ah, non l\u2019ho detto, ovviamente chi non ha gi\u00e0  fatto l\u2019esperienza di iPhone o iPod Touch rester\u00e0 estasiato dalla  responsivit\u00e0 dell\u2019interfaccia touch di iPad), far giocare i sensi e la  fantasia.<\/p><\/blockquote>\n","protected":false},"excerpt":{"rendered":"<p>Il maestro Antonio Tombolino prova Ipad Bello \u00e8 bello, direi pi\u00f9 di quanto le immagini lascino sospettare, e pi\u00f9 dell\u2019iPhone. Per\u00f2 pesa troppo: psicologicamente, perch\u00e9 l\u2019occhio, a giudicarne forma e spessori, si aspetterebbe assai meno; ma anche materialmente, perch\u00e9 \u00e8 impossibile usarlo come tutta l\u2019iconografia di casa Apple lascia pensare, ovvero brandendolo con una sola &#8230; <a title=\"L&#8217;Ipad per una fruizione autistica della multimedialit\u00e0\" class=\"read-more\" href=\"https:\/\/www.pasteris.it\/blog\/2010\/05\/10\/lipad-per-una-fruizione-autistica-della-multimedialita\/\" aria-label=\"Per saperne di pi\u00f9 su L&#8217;Ipad per una fruizione autistica della multimedialit\u00e0\">Leggi tutto<\/a><\/p>\n","protected":false},"author":3,"featured_media":0,"comment_status":"open","ping_status":"open","sticky":false,"template":"","format":"standard","meta":{"footnotes":""},"categories":[30,15,13],"tags":[1236,802],"class_list":["post-18814","post","type-post","status-publish","format-standard","hentry","category-media","category-mobile","category-multimedia","tag-ipad","tag-tombolini"],"_links":{"self":[{"href":"https:\/\/www.pasteris.it\/blog\/wp-json\/wp\/v2\/posts\/18814","targetHints":{"allow":["GET"]}}],"collection":[{"href":"https:\/\/www.pasteris.it\/blog\/wp-json\/wp\/v2\/posts"}],"about":[{"href":"https:\/\/www.pasteris.it\/blog\/wp-json\/wp\/v2\/types\/post"}],"author":[{"embeddable":true,"href":"https:\/\/www.pasteris.it\/blog\/wp-json\/wp\/v2\/users\/3"}],"replies":[{"embeddable":true,"href":"https:\/\/www.pasteris.it\/blog\/wp-json\/wp\/v2\/comments?post=18814"}],"version-history":[{"count":3,"href":"https:\/\/www.pasteris.it\/blog\/wp-json\/wp\/v2\/posts\/18814\/revisions"}],"predecessor-version":[{"id":18816,"href":"https:\/\/www.pasteris.it\/blog\/wp-json\/wp\/v2\/posts\/18814\/revisions\/18816"}],"wp:attachment":[{"href":"https:\/\/www.pasteris.it\/blog\/wp-json\/wp\/v2\/media?parent=18814"}],"wp:term":[{"taxonomy":"category","embeddable":true,"href":"https:\/\/www.pasteris.it\/blog\/wp-json\/wp\/v2\/categories?post=18814"},{"taxonomy":"post_tag","embeddable":true,"href":"https:\/\/www.pasteris.it\/blog\/wp-json\/wp\/v2\/tags?post=18814"}],"curies":[{"name":"wp","href":"https:\/\/api.w.org\/{rel}","templated":true}]}}