{"id":18840,"date":"2010-05-10T17:04:36","date_gmt":"2010-05-10T15:04:36","guid":{"rendered":"http:\/\/www.pasteris.it\/blog\/?p=18840"},"modified":"2010-05-10T17:04:36","modified_gmt":"2010-05-10T15:04:36","slug":"richiesta-la-revoca-dello-scudetto-di-cartone-del-2006","status":"publish","type":"post","link":"https:\/\/www.pasteris.it\/blog\/2010\/05\/10\/richiesta-la-revoca-dello-scudetto-di-cartone-del-2006\/","title":{"rendered":"Richiesta la revoca dello scudetto di cartone del 2006"},"content":{"rendered":"<p><a href=\"http:\/\/www.gazzetta.it\/Calcio\/SerieA\/Juventus\/10-05-2010\/juve-richiesta-ora-ufficiale-603932784428.shtml\">Via Gazzetta.it<\/a><\/p>\n<blockquote><p>La Juventus ha deciso di chiedere alla istituzioni federali la revoca dello scudetto del 2006, assegnato a tavolino all&#8217;Inter. Lo rende noto la stessa societ\u00e0 bianconera, comunicando di aver presentato un esposto al Coni, la cui premessa \u00e8: &#8220;Il movimento sportivo si basi e si fondi sulla lealt\u00e0 tra e nei confronti di affiliati, nonch\u00e9 parit\u00e0 ed equit\u00e0 di trattamento&#8221;. L&#8217;esposto \u00e8 stato ratificato dal Cda bianconero svoltosi questa mattina a Torino.<\/p>\n<p>La societ\u00e0 di Corso Galileo Ferraris ricorda che &#8220;Nel comunicato del 26 luglio 2006, nel quale il Commissario Straordinario della Federcalcio motivava la decisione di assegnare lo scudetto 2005-2006 si leggeva che &#8216;&#8221;gi organi federali possono intervenire con un apposito provvedimento di non assegnazione quando ricorrono motivi di ragionevolezza e di etica sportiva, ad esempio quando ci si renda conto che le irregolarit\u00e0 sono state di numero e portata tale da falsare l&#8217;intero campionato ovvero che anche squadre non sanzionate hanno tenuto comportamenti poco limpidi. Come noto, le ragioni che portarono alla condanna in sede sportiva della Juventus riguardavano principalmente i rapporti tra gli allora dirigenti della societ\u00e0 ed esponenti della classe arbitrale oltre che della Federazione&#8221;. <\/p><\/blockquote>\n","protected":false},"excerpt":{"rendered":"<p>Via Gazzetta.it La Juventus ha deciso di chiedere alla istituzioni federali la revoca dello scudetto del 2006, assegnato a tavolino all&#8217;Inter. Lo rende noto la stessa societ\u00e0 bianconera, comunicando di aver presentato un esposto al Coni, la cui premessa \u00e8: &#8220;Il movimento sportivo si basi e si fondi sulla lealt\u00e0 tra e nei confronti di &#8230; <a title=\"Richiesta la revoca dello scudetto di cartone del 2006\" class=\"read-more\" href=\"https:\/\/www.pasteris.it\/blog\/2010\/05\/10\/richiesta-la-revoca-dello-scudetto-di-cartone-del-2006\/\" aria-label=\"Per saperne di pi\u00f9 su Richiesta la revoca dello scudetto di cartone del 2006\">Leggi tutto<\/a><\/p>\n","protected":false},"author":3,"featured_media":0,"comment_status":"open","ping_status":"open","sticky":false,"template":"","format":"standard","meta":{"footnotes":""},"categories":[9],"tags":[1167,1229],"class_list":["post-18840","post","type-post","status-publish","format-standard","hentry","category-sport","tag-juventus","tag-sport-ironia"],"_links":{"self":[{"href":"https:\/\/www.pasteris.it\/blog\/wp-json\/wp\/v2\/posts\/18840","targetHints":{"allow":["GET"]}}],"collection":[{"href":"https:\/\/www.pasteris.it\/blog\/wp-json\/wp\/v2\/posts"}],"about":[{"href":"https:\/\/www.pasteris.it\/blog\/wp-json\/wp\/v2\/types\/post"}],"author":[{"embeddable":true,"href":"https:\/\/www.pasteris.it\/blog\/wp-json\/wp\/v2\/users\/3"}],"replies":[{"embeddable":true,"href":"https:\/\/www.pasteris.it\/blog\/wp-json\/wp\/v2\/comments?post=18840"}],"version-history":[{"count":1,"href":"https:\/\/www.pasteris.it\/blog\/wp-json\/wp\/v2\/posts\/18840\/revisions"}],"predecessor-version":[{"id":18841,"href":"https:\/\/www.pasteris.it\/blog\/wp-json\/wp\/v2\/posts\/18840\/revisions\/18841"}],"wp:attachment":[{"href":"https:\/\/www.pasteris.it\/blog\/wp-json\/wp\/v2\/media?parent=18840"}],"wp:term":[{"taxonomy":"category","embeddable":true,"href":"https:\/\/www.pasteris.it\/blog\/wp-json\/wp\/v2\/categories?post=18840"},{"taxonomy":"post_tag","embeddable":true,"href":"https:\/\/www.pasteris.it\/blog\/wp-json\/wp\/v2\/tags?post=18840"}],"curies":[{"name":"wp","href":"https:\/\/api.w.org\/{rel}","templated":true}]}}