{"id":18935,"date":"2010-05-13T12:35:08","date_gmt":"2010-05-13T10:35:08","guid":{"rendered":"http:\/\/www.pasteris.it\/blog\/?p=18935"},"modified":"2010-05-13T17:57:55","modified_gmt":"2010-05-13T15:57:55","slug":"saviano-ciccone-fede-a-radio-radio","status":"publish","type":"post","link":"https:\/\/www.pasteris.it\/blog\/2010\/05\/13\/saviano-ciccone-fede-a-radio-radio\/","title":{"rendered":"Saviano, Ciccone, Fede a Radio Radio"},"content":{"rendered":"<p>L registrazione audio del <em>tentativo di talk show<\/em> radiofonico sul <em>caso Saviano<\/em> con Arianna Ciccone ed Emilio Fede a <a href=\"http:\/\/www.radioradio.it\">Radio Radio <\/a><\/p>\n[audio:http:\/\/www.pasteris.it\/download\/audio\/saviano-ciccone-fede.mp3]\n<p>Update: <a href=\"http:\/\/www.agoravox.it\/Fede-Saviano-quello-del-Burkina.html\">Via Agoravox<\/a><\/p>\n<blockquote>\n<div>Oggi Arianna Ciccone si \u00e8 confrontata con Emilio Fede a\u00a0Radio Radio\u00a0sulla\u00a0<a href=\"http:\/\/current.com\/groups\/politica\/92429715_la-valigia-blu-contro-emilio-fede-web-2-0-excite-italia.htm\">questione  Saviano<\/a>. Il direttore del Tg4 si \u00e8 prodotto nelle seguenti  affermazioni (potrebbe esserci qualche imprecisione nella forma dettata  dalla trascrizione in tempo reale dell\u2019<a href=\"..\/2010\/05\/13\/saviano-ciccone-fede-a-radio-radio\/\">audio  originale<\/a>, ma non nella sostanza):<\/div>\n<div><!--more--><\/div>\n<p>Saviano?\u00a0Quello del Burkina Faso?<\/p>\n<p>(Ironico)\u00a0Adoro Saviano, \u00e8 intelligente, meno male che Saviano c\u2019\u00e8,  se non ci fosse Saviano non ci sarebbe la lotta alla mafia. Ghe pensi  m\u00ec. Cos\u00ec evitiamo le polemiche.<\/p>\n<p>Faccio marcia indietro. Qualche magistrato \u00e8 morto, ci sono le  vittime della mafia: che conta?<\/p>\n<p>Lui si pone come un eroe. Le devo dare atto:\u00a0\u00e8 la persona pi\u00f9  schiva\u2026, io non ho mai visto una persona cos\u00ec\u00a0modesta,  cos\u00ec\u00a0umana. E\u2019 un uomo straordinario: lo Stato c\u2019\u00e8  perch\u00e9 c\u2019\u00e8 Saviano. E\u2019 una persona per bene.<\/p>\n<p>Gomorra \u00e8 un bellissimo film\u2026<\/p>\n<p>(Arianna replica che Saviano non si \u00e8 mai posto come un eroe, o  l\u2019unico in Italia a combattere la mafia)<\/p>\n<p>Lei \u00e8 un po\u2019 petulante e tra poco le chiudo il telefono. Adesso mi  sono anche rotto le scatole, io me ne sbatto i cosiddetti, sono sicuro  che\u00a0quello che penso lo pensa la maggioranza degli italiani,  io ho altro da fare.<\/p>\n<p>Io penso che c\u2019\u00e8 della gente che ha sofferto e ha pagato con la  vita.\u00a0Lei se lo sposi Saviano.<\/p>\n<p>Milioni di italiani lottano contro la mafia e la  camorra, lo vogliono portare a fatima, lo vogliono beatificare non me ne  frega niente. Io sono libero di dire quello che penso.<\/p>\n<p>Sto parlando con\u00a0Radio Saviano o con chi sta  parlando?<\/p>\n<p>Io vi critico: se c\u2019\u00e8 una persona che ha avuto ospite Saviano\u00a0le  devo chiedere un autografo.<\/p>\n<p>(La conduttrice chiede a Fede:\u00a0Lei  lo vorrebbe nello studio?)<\/p>\n<p>Ma vada a cagare va\u2026<\/p>\n<p>Lei lo ha ospitato e se lo tenga. Io devo parlare con una che il suo  merito \u00e8 avere ospitato Saviano. Siete ridicoli. Voi cos\u00ec state facendo  un danno a questa persona.<\/p>\n<p>E io dovrei parlare con una illustre giornalista,  mastodontica, premio Nobel \u2013 ma che cazzo me ne frega a me?<\/p>\n<p>Questa sconosciuta ne parla perch\u00e9 deve rompere le scatole, ma chi se  ne frega.<\/p>\n<p>Io dal 1981 sono stato salvato per miracolo dalle BR con la scorta;  quattro anni fa mi hanno fatto esplodere in segreteria, sono sotto  minaccia costante \u2013\u00a0non mi lamento, non sono un eroe,  non lo dico.<\/p>\n<p>Avr\u00f2 il diritto di dire quello che penso o devo rispondere a questa  signora solo perch\u00e9 l\u2019ha ricevuto. Mi deve imporre lei quello che deve  dire? Quando si fa un\u2019opera contro la malavita organizzata si fa  un\u2019opera sacrosanta. Ma da questo a beatificare una persona come se  fosse il solo protagonista della lotta alla mafia\u2026<\/p>\n<p>Io so per certo che\u00a0tutti i soldi fino all\u2019ultima lira li  devolve alle vittime della mafia, lui va in giro con il  saio\u2026<\/p><\/blockquote>\n","protected":false},"excerpt":{"rendered":"<p>L registrazione audio del tentativo di talk show radiofonico sul caso Saviano con Arianna Ciccone ed Emilio Fede a Radio Radio [audio:http:\/\/www.pasteris.it\/download\/audio\/saviano-ciccone-fede.mp3] Update: Via Agoravox Oggi Arianna Ciccone si \u00e8 confrontata con Emilio Fede a\u00a0Radio Radio\u00a0sulla\u00a0questione Saviano. Il direttore del Tg4 si \u00e8 prodotto nelle seguenti affermazioni (potrebbe esserci qualche imprecisione nella forma dettata dalla &#8230; <a title=\"Saviano, Ciccone, Fede a Radio Radio\" class=\"read-more\" href=\"https:\/\/www.pasteris.it\/blog\/2010\/05\/13\/saviano-ciccone-fede-a-radio-radio\/\" aria-label=\"Per saperne di pi\u00f9 su Saviano, Ciccone, Fede a Radio Radio\">Leggi tutto<\/a><\/p>\n","protected":false},"author":3,"featured_media":0,"comment_status":"open","ping_status":"open","sticky":false,"template":"","format":"standard","meta":{"footnotes":""},"categories":[11,1,30],"tags":[1368,161,806],"class_list":["post-18935","post","type-post","status-publish","format-standard","hentry","category-diritti","category-politica","category-media","tag-fede","tag-giornalisti","tag-saviano"],"_links":{"self":[{"href":"https:\/\/www.pasteris.it\/blog\/wp-json\/wp\/v2\/posts\/18935","targetHints":{"allow":["GET"]}}],"collection":[{"href":"https:\/\/www.pasteris.it\/blog\/wp-json\/wp\/v2\/posts"}],"about":[{"href":"https:\/\/www.pasteris.it\/blog\/wp-json\/wp\/v2\/types\/post"}],"author":[{"embeddable":true,"href":"https:\/\/www.pasteris.it\/blog\/wp-json\/wp\/v2\/users\/3"}],"replies":[{"embeddable":true,"href":"https:\/\/www.pasteris.it\/blog\/wp-json\/wp\/v2\/comments?post=18935"}],"version-history":[{"count":5,"href":"https:\/\/www.pasteris.it\/blog\/wp-json\/wp\/v2\/posts\/18935\/revisions"}],"predecessor-version":[{"id":18937,"href":"https:\/\/www.pasteris.it\/blog\/wp-json\/wp\/v2\/posts\/18935\/revisions\/18937"}],"wp:attachment":[{"href":"https:\/\/www.pasteris.it\/blog\/wp-json\/wp\/v2\/media?parent=18935"}],"wp:term":[{"taxonomy":"category","embeddable":true,"href":"https:\/\/www.pasteris.it\/blog\/wp-json\/wp\/v2\/categories?post=18935"},{"taxonomy":"post_tag","embeddable":true,"href":"https:\/\/www.pasteris.it\/blog\/wp-json\/wp\/v2\/tags?post=18935"}],"curies":[{"name":"wp","href":"https:\/\/api.w.org\/{rel}","templated":true}]}}