{"id":18993,"date":"2010-05-16T16:30:17","date_gmt":"2010-05-16T14:30:17","guid":{"rendered":"http:\/\/www.pasteris.it\/blog\/?p=18993"},"modified":"2010-05-16T16:30:17","modified_gmt":"2010-05-16T14:30:17","slug":"la-repubblica-per-ipad-per-ora-e-gratis","status":"publish","type":"post","link":"https:\/\/www.pasteris.it\/blog\/2010\/05\/16\/la-repubblica-per-ipad-per-ora-e-gratis\/","title":{"rendered":"La Repubblica+ per Ipad per ora \u00e8 gratis"},"content":{"rendered":"<p><a href=\"http:\/\/www.repubblica.it\/tecnologia\/2010\/05\/16\/news\/repubblica_ipad-4096571\/\">Via Repubblica<\/a><\/p>\n<blockquote><p><img loading=\"lazy\" decoding=\"async\" class=\"alignright\" title=\"Arriva &quot;la Repubblica+&quot;  primo quotidiano sull'iPad\" src=\"http:\/\/www.repubblica.it\/images\/2010\/05\/16\/102748090-49d8d06e-950b-4408-b62a-914652573279.jpg\" alt=\"Arriva &quot;la Repubblica+&quot;  primo quotidiano sull'iPad\" width=\"201\" height=\"268\" \/>La  Repubblica \u00e8 il primo quotidiano italiano che si pu\u00f2 scaricare e leggere, sfogliare e conservare sull&#8217;iPad, la magica tavoletta elettronica della Apple. Il Gruppo Editoriale l&#8217;Espresso ha bruciato i tempi di lancio di &#8220;la Repubblica+&#8221;, l&#8217;applicazione per l&#8217;accesso al giornale su supporto digitale. Gi\u00e0 da ieri \u00e8 a disposizione dei lettori che si trovano negli Stati Uniti, che per il momento sono gli unici a poter comprare l&#8217;iPad. E l&#8217;applicazione sar\u00e0 ulteriormente arricchita in vista di venerd\u00ec 28 maggio, quando il nuovo prodotto di Steve Jobs sar\u00e0 messo in vendita anche in Italia e in altri otto Paesi industrializzati.<\/p>\n<p>Consultare <em>Repubblica<\/em> sull&#8217;iPad \u00e8 una esperienza nuova e gratuita (almeno nei prossimi mesi di prova). Sullo schermo extra-nitido, che pu\u00f2 essere usato orizzontalmente (landscape) o verticalmente (portrait), compaiono le pagine del quotidiano in formato miniatura.<\/p>\n<p>Basta un clic con il pollice destro per sfogliarle rapidamente; basta allargare il pollice e l&#8217;indice sullo schermo touch\u00a0 &#8211;\u00a0 come facciamo gi\u00e0 sull&#8217;iPhone &#8211; per ingrandire l&#8217;articolo che si vuole leggere. Il primo dei tre pulsanti nella parte inferiore dell&#8217;iPad permette di scegliere tra l&#8217;edizione nazionale, quelle locali e l&#8217;inserto D (in futuro saranno aggiunti altri supplementi).<\/p><\/blockquote>\n","protected":false},"excerpt":{"rendered":"<p>Via Repubblica La Repubblica \u00e8 il primo quotidiano italiano che si pu\u00f2 scaricare e leggere, sfogliare e conservare sull&#8217;iPad, la magica tavoletta elettronica della Apple. Il Gruppo Editoriale l&#8217;Espresso ha bruciato i tempi di lancio di &#8220;la Repubblica+&#8221;, l&#8217;applicazione per l&#8217;accesso al giornale su supporto digitale. Gi\u00e0 da ieri \u00e8 a disposizione dei lettori che &#8230; <a title=\"La Repubblica+ per Ipad per ora \u00e8 gratis\" class=\"read-more\" href=\"https:\/\/www.pasteris.it\/blog\/2010\/05\/16\/la-repubblica-per-ipad-per-ora-e-gratis\/\" aria-label=\"Per saperne di pi\u00f9 su La Repubblica+ per Ipad per ora \u00e8 gratis\">Leggi tutto<\/a><\/p>\n","protected":false},"author":3,"featured_media":0,"comment_status":"open","ping_status":"open","sticky":false,"template":"","format":"standard","meta":{"footnotes":""},"categories":[17,30,15],"tags":[1236,284],"class_list":["post-18993","post","type-post","status-publish","format-standard","hentry","category-economia","category-media","category-mobile","tag-ipad","tag-repubblica"],"_links":{"self":[{"href":"https:\/\/www.pasteris.it\/blog\/wp-json\/wp\/v2\/posts\/18993","targetHints":{"allow":["GET"]}}],"collection":[{"href":"https:\/\/www.pasteris.it\/blog\/wp-json\/wp\/v2\/posts"}],"about":[{"href":"https:\/\/www.pasteris.it\/blog\/wp-json\/wp\/v2\/types\/post"}],"author":[{"embeddable":true,"href":"https:\/\/www.pasteris.it\/blog\/wp-json\/wp\/v2\/users\/3"}],"replies":[{"embeddable":true,"href":"https:\/\/www.pasteris.it\/blog\/wp-json\/wp\/v2\/comments?post=18993"}],"version-history":[{"count":2,"href":"https:\/\/www.pasteris.it\/blog\/wp-json\/wp\/v2\/posts\/18993\/revisions"}],"predecessor-version":[{"id":18995,"href":"https:\/\/www.pasteris.it\/blog\/wp-json\/wp\/v2\/posts\/18993\/revisions\/18995"}],"wp:attachment":[{"href":"https:\/\/www.pasteris.it\/blog\/wp-json\/wp\/v2\/media?parent=18993"}],"wp:term":[{"taxonomy":"category","embeddable":true,"href":"https:\/\/www.pasteris.it\/blog\/wp-json\/wp\/v2\/categories?post=18993"},{"taxonomy":"post_tag","embeddable":true,"href":"https:\/\/www.pasteris.it\/blog\/wp-json\/wp\/v2\/tags?post=18993"}],"curies":[{"name":"wp","href":"https:\/\/api.w.org\/{rel}","templated":true}]}}