{"id":19027,"date":"2010-05-17T18:55:44","date_gmt":"2010-05-17T16:55:44","guid":{"rendered":"http:\/\/www.pasteris.it\/blog\/?p=19027"},"modified":"2010-05-17T18:55:44","modified_gmt":"2010-05-17T16:55:44","slug":"anche-il-corriere-arriva-su-ipad","status":"publish","type":"post","link":"https:\/\/www.pasteris.it\/blog\/2010\/05\/17\/anche-il-corriere-arriva-su-ipad\/","title":{"rendered":"Anche il Corriere arriva su Ipad"},"content":{"rendered":"<p><a href=\"http:\/\/www.corriere.it\/cronache\/10_maggio_17\/Ra-notizie-rete-iPad-Corriere_538ba444-6191-11df-a380-00144f02aabe.shtml\">Via Corriere.it<\/a><\/p>\n<blockquote><p>Siamo a meno undici: il 28 maggio l\u2019iPad, la tavoletta multimediale  \u00abmagica e rivoluzionaria\u00bb come l\u2019ha definita Steve Jobs, sbarcher\u00e0 in  Italia, oltre che in Australia, Canada, Francia, Germania, Giappone,  Spagna, Svizzera e Gran Bretagna. E il Corriere della Sera si sta  preparando con un progetto originale per sfruttare al massimo le  potenzialit\u00e0 offerte dal nuovo supporto. \u00abNon \u00e8 un caso che la Apple,  <a href=\"http:\/\/www.apple.com\/it\/\">sul suo sito in lingua italiana<\/a> , abbia scelto la  testata del Corriere come testimonial della rivoluzione che il nuovo  strumento porter\u00e0 nelle abitudini di lettura\u2014spiega Giorgio Riva,  direttore generale di Rcs Digital \u2014. Quando l\u2019iPad sbarcher\u00e0 in Italia  il Corriere sar\u00e0 subito pronto. E fino al 15 giugno l\u2019applicazione sar\u00e0  utilizzabile gratuitamente\u00bb.<\/p>\n<p>In pratica l\u2019iPad consentir\u00e0 almeno tre modi di accesso alle  notizie: la consultazione dei siti Internet delle varie testate, lo  sfoglio di una replica elettronica del giornale di carta (gi\u00e0 possibile  con i computer di casa, ma che si far\u00e0 con un dito invece che con il  mouse o la tastiera grazie allo schermo touch- screen), l\u2019utilizzo di  applicazioni dedicate che mettano insieme lettura dei giornali e  contenuti multimediali. Il tutto con la possibilit\u00e0, ovviamente, di  passare da una modalit\u00e0 all\u2019altra a seconda delle preferenze. Quello che  tutti si aspettano \u00e8 che l\u2019iPad rappresenti una svolta nel modo di  proporre e utilizzare le informazioni. Negli Stati Uniti, dove la  tavoletta \u00e8 gi\u00e0 in commercio (oltre un milione di pezzi venduti in poco  pi\u00f9 di un mese) i quotidiani pi\u00f9 diffusi hanno gi\u00e0 lanciato versioni  ottimizzate per il nuovo supporto, anche se in fase ridotta e  sperimentale: il New York Times per esempio propone una cosiddetta  Editor\u2019s Choice per ora limitata ad alcune notizie, opinioni e rubriche,  che sar\u00e0 ampliata nel corso del 2010.<\/p><\/blockquote>\n","protected":false},"excerpt":{"rendered":"<p>Via Corriere.it Siamo a meno undici: il 28 maggio l\u2019iPad, la tavoletta multimediale \u00abmagica e rivoluzionaria\u00bb come l\u2019ha definita Steve Jobs, sbarcher\u00e0 in Italia, oltre che in Australia, Canada, Francia, Germania, Giappone, Spagna, Svizzera e Gran Bretagna. E il Corriere della Sera si sta preparando con un progetto originale per sfruttare al massimo le potenzialit\u00e0 &#8230; <a title=\"Anche il Corriere arriva su Ipad\" class=\"read-more\" href=\"https:\/\/www.pasteris.it\/blog\/2010\/05\/17\/anche-il-corriere-arriva-su-ipad\/\" aria-label=\"Per saperne di pi\u00f9 su Anche il Corriere arriva su Ipad\">Leggi tutto<\/a><\/p>\n","protected":false},"author":3,"featured_media":0,"comment_status":"open","ping_status":"open","sticky":false,"template":"","format":"standard","meta":{"footnotes":""},"categories":[17,30,15],"tags":[107,1236],"class_list":["post-19027","post","type-post","status-publish","format-standard","hentry","category-economia","category-media","category-mobile","tag-corriere","tag-ipad"],"_links":{"self":[{"href":"https:\/\/www.pasteris.it\/blog\/wp-json\/wp\/v2\/posts\/19027","targetHints":{"allow":["GET"]}}],"collection":[{"href":"https:\/\/www.pasteris.it\/blog\/wp-json\/wp\/v2\/posts"}],"about":[{"href":"https:\/\/www.pasteris.it\/blog\/wp-json\/wp\/v2\/types\/post"}],"author":[{"embeddable":true,"href":"https:\/\/www.pasteris.it\/blog\/wp-json\/wp\/v2\/users\/3"}],"replies":[{"embeddable":true,"href":"https:\/\/www.pasteris.it\/blog\/wp-json\/wp\/v2\/comments?post=19027"}],"version-history":[{"count":2,"href":"https:\/\/www.pasteris.it\/blog\/wp-json\/wp\/v2\/posts\/19027\/revisions"}],"predecessor-version":[{"id":19029,"href":"https:\/\/www.pasteris.it\/blog\/wp-json\/wp\/v2\/posts\/19027\/revisions\/19029"}],"wp:attachment":[{"href":"https:\/\/www.pasteris.it\/blog\/wp-json\/wp\/v2\/media?parent=19027"}],"wp:term":[{"taxonomy":"category","embeddable":true,"href":"https:\/\/www.pasteris.it\/blog\/wp-json\/wp\/v2\/categories?post=19027"},{"taxonomy":"post_tag","embeddable":true,"href":"https:\/\/www.pasteris.it\/blog\/wp-json\/wp\/v2\/tags?post=19027"}],"curies":[{"name":"wp","href":"https:\/\/api.w.org\/{rel}","templated":true}]}}