{"id":1915,"date":"2007-07-05T15:41:27","date_gmt":"2007-07-05T13:41:27","guid":{"rendered":"http:\/\/www.pasteris.it\/blog\/2007\/07\/05\/marchionne-la-500-e-lipod\/"},"modified":"2007-07-05T15:41:27","modified_gmt":"2007-07-05T13:41:27","slug":"marchionne-la-500-e-lipod","status":"publish","type":"post","link":"https:\/\/www.pasteris.it\/blog\/2007\/07\/05\/marchionne-la-500-e-lipod\/","title":{"rendered":"Marchionne, la 500 e l&#8217;iPod"},"content":{"rendered":"<p>Bruno Ruffilli su <a href=\"http:\/\/www.lastampa.it\/cmstp\/rubriche\/girata.asp?ID_blog=31&amp;ID_articolo=86&amp;ID_sezione=39&amp;sezione=Mondo+Mac\" target=\"_blank\">Lastampa.it<\/a><\/p>\n<blockquote><p>Marchionne, che \u00e8 gi\u00e0 \u00e8 famoso per indossare sempre un maglione (nero, si  apprende ora), sembra avere anche altri punti in comune con Steve Jobs. Come  Jobs, che di anni ne ha 52, il dirigente di Chieti \u00e8 entrato in un\u2019azienda  boccheggiante e l\u2019ha portata prima al pareggio e poi, con una serie di mosse  azzeccate, in attivo. Ha puntato molto sull\u2019immagine, e infatti la Grande Punto,  la nuova Bravo e la 500 sono automobili tecnologicamente avanzate, ma  soprattutto denotano un\u2019inedita attenzione all\u2019estetica complessiva e ai singoli  dettagli. Ha costruito un gruppo dirigente giovane per et\u00e0 e per spirito, ha  accolto proposte coraggiose di designer esordienti, ma ha anche ascoltato i  suggerimenti che arrivavano dal web.<\/p><\/blockquote>\n","protected":false},"excerpt":{"rendered":"<p>Bruno Ruffilli su Lastampa.it Marchionne, che \u00e8 gi\u00e0 \u00e8 famoso per indossare sempre un maglione (nero, si apprende ora), sembra avere anche altri punti in comune con Steve Jobs. Come Jobs, che di anni ne ha 52, il dirigente di Chieti \u00e8 entrato in un\u2019azienda boccheggiante e l\u2019ha portata prima al pareggio e poi, con &#8230; <a title=\"Marchionne, la 500 e l&#8217;iPod\" class=\"read-more\" href=\"https:\/\/www.pasteris.it\/blog\/2007\/07\/05\/marchionne-la-500-e-lipod\/\" aria-label=\"Per saperne di pi\u00f9 su Marchionne, la 500 e l&#8217;iPod\">Leggi tutto<\/a><\/p>\n","protected":false},"author":4,"featured_media":0,"comment_status":"open","ping_status":"open","sticky":false,"template":"","format":"standard","meta":{"footnotes":""},"categories":[],"tags":[2157,553,193,2169,36,523,363],"class_list":["post-1915","post","type-post","status-publish","format-standard","hentry","tag-blog","tag-jobs","tag-lastampa","tag-mondo","tag-tag","tag-tecnologicamente","tag-web"],"_links":{"self":[{"href":"https:\/\/www.pasteris.it\/blog\/wp-json\/wp\/v2\/posts\/1915","targetHints":{"allow":["GET"]}}],"collection":[{"href":"https:\/\/www.pasteris.it\/blog\/wp-json\/wp\/v2\/posts"}],"about":[{"href":"https:\/\/www.pasteris.it\/blog\/wp-json\/wp\/v2\/types\/post"}],"author":[{"embeddable":true,"href":"https:\/\/www.pasteris.it\/blog\/wp-json\/wp\/v2\/users\/4"}],"replies":[{"embeddable":true,"href":"https:\/\/www.pasteris.it\/blog\/wp-json\/wp\/v2\/comments?post=1915"}],"version-history":[{"count":0,"href":"https:\/\/www.pasteris.it\/blog\/wp-json\/wp\/v2\/posts\/1915\/revisions"}],"wp:attachment":[{"href":"https:\/\/www.pasteris.it\/blog\/wp-json\/wp\/v2\/media?parent=1915"}],"wp:term":[{"taxonomy":"category","embeddable":true,"href":"https:\/\/www.pasteris.it\/blog\/wp-json\/wp\/v2\/categories?post=1915"},{"taxonomy":"post_tag","embeddable":true,"href":"https:\/\/www.pasteris.it\/blog\/wp-json\/wp\/v2\/tags?post=1915"}],"curies":[{"name":"wp","href":"https:\/\/api.w.org\/{rel}","templated":true}]}}