{"id":1917,"date":"2009-07-17T07:00:00","date_gmt":"2009-07-17T06:00:00","guid":{"rendered":"http:\/\/www.pasteris.it\/blog\/?p=1917"},"modified":"2009-07-17T07:40:01","modified_gmt":"2009-07-17T06:40:01","slug":"mi-sun-turineis-alla-ricerca-dellorgoglio-della-torinesita","status":"publish","type":"post","link":"https:\/\/www.pasteris.it\/blog\/2009\/07\/17\/mi-sun-turineis-alla-ricerca-dellorgoglio-della-torinesita\/","title":{"rendered":"Mi sun turineis: alla ricerca dell&#8217;orgoglio della torinesit\u00e0"},"content":{"rendered":"<p><img loading=\"lazy\" decoding=\"async\" class=\"alignright\" title=\"torino\" src=\"http:\/\/farm4.static.flickr.com\/3315\/3186742855_9385e9bd42_m.jpg\" alt=\"\" width=\"240\" height=\"148\" \/>Da tempo pensavo di scrivere un post intitolato <em>Mi sun turineis<\/em> cercando di descrivere le basi di un orgoglio torinese a partire da un titolo simile al famoso <a href=\"http:\/\/it.wikipedia.org\/wiki\/Ich_bin_ein_Berliner\">Ich bin ein Berliner<\/a>. La mia passione per la mia citt\u00e0 \u00e8 nota e probabilmente deriva pi\u00f9 da pulsioni emotive e emozionali piuttosto che razionali. Dimentichiamo il cuore e usiamo come interprete delle cose la ragione.<\/p>\n<p><a href=\"http:\/\/maps.google.it\/maps?f=q&amp;source=s_q&amp;hl=it&amp;geocode=&amp;q=torino&amp;ie=UTF8&amp;ll=45.072551,7.686653&amp;spn=0.126563,0.308647&amp;z=12&amp;iwloc=A\">Torino<\/a>, la sua provincia, il suo intorno economico, hanno avuto nell&#8217;inizio degli anni 2000 una delle pi\u00f9 drammatiche crisi economico &#8211; esistenziali che una citt\u00e0 e una comunit\u00e0 possano vivere. Si \u00e8 toccato il fondo e si \u00e8 vissuta la crisi per primi. Questa citt\u00e0 ha avuto la fortuna, nonostante si pensasse il contrario, di dimostrare di avere molte anime, molte eccellenze, una capacit\u00e0 non comune di accogliere persone ed etnie, un mondo capace di rinnovarsi. Il ruolo dei politici, alcuni capaci, altri meno, \u00e8 stato quello di saper coagulare questi aspetti, di difendere il difendibile e si essere ragionevolmente onesti materialmente e intellettualmente. Il ruolo delle Olimpiadi \u00e8 stato quello della vetrina, pi\u00f9 che quello del catalizzatore.<\/p>\n<p><!--more--><\/p>\n<p>Oggi Torino \u00e8 una delle citt\u00e0 pi\u00f9 vive e piu innovative d&#8217;Europa. Forse si potrebbe parlare di <em>un modello Torino<\/em>, ma sarebbe\u00a0 come sembrare gi\u00e0 di volersi parlare addosso. Meglio \u00e8 avere il coraggio e l&#8217;orgoglio di superare un forma di inferiorit\u00e0 culturale e imprenditoriale per evitare di sentirsi come in passato su di un piano inferiore ad altre grandi citt\u00e0. Torino \u00e8 al livello delle maggiori citt\u00e0 europee e in una posizione trategica alla porta della Francia e il cuore dell&#8217;Europa<\/p>\n<p>Torino crea, Torino ha un ottimo Politecnico e una buona universit\u00e0, Torino non \u00e8 pi\u00f9 la grigia citt\u00e0 dell&#8217;immigrazione del dopo guerra, Torino si muove e cerca cose, Torino \u00e8 diventata un ottimo posto in cui vivere, Torino sta finendo una enorme rivoluzione urbanistica e sta per avere buone infrastrutture.<\/p>\n<p>La <a href=\"http:\/\/www.torinovalley.com\">Torino dell&#8217;innovazione e della scienza<\/a> produce e ingloba cervelli. Produce ricerca e aziende che spaziano dall&#8217;automotive alle biotecnologie, dall&#8217;informatica all&#8217;energia, dalle startup internet alle aziende che producono cinema e animazione, dall&#8217;arte contemporanea all&#8217;arte elettronica. Forse il punto debole \u00e8 un sistema dei media e dell&#8217;informazione non all&#8217;altezza del resto della citt\u00e0 e del territorio. Il costo del lavoro \u00e8 ancora una variabile economica accettabile e la speculazione edilizia salvo in alcune aree non crea eccessi come in altre citt\u00e0 in cui \u00e8 impossibile trovare casa a prezzi non da furto.<\/p>\n<p>Ce n&#8217;\u00e8 davvero per andare in giro a testa molto alta sillabando <em>Mi sun turineis<\/em> in stretta osservanza con l&#8217;accento di <a href=\"http:\/\/it.wikipedia.org\/wiki\/Erminio_Macario\">Erminio Macario <\/a>senza paura di essere presi in giro. Fermo restando che data l&#8217;iniezione di lingue e culture straniere sotto la Mole si potrebber sillabarlo oramai almeno in una decina di idiomi diversi: ma il concetto resta lo stesso.<\/p>\n<p>La <a href=\"http:\/\/www.flickr.com\/photos\/joeburded\/3186742855\/\">fotografia di Torino dalla Mole<\/a> \u00e8 di <a href=\"http:\/\/www.flickr.com\/photos\/joeburded\/\">Joeburded<\/a><\/p>\n","protected":false},"excerpt":{"rendered":"<p>Da tempo pensavo di scrivere un post intitolato Mi sun turineis cercando di descrivere le basi di un orgoglio torinese a partire da un titolo simile al famoso Ich bin ein Berliner. La mia passione per la mia citt\u00e0 \u00e8 nota e probabilmente deriva pi\u00f9 da pulsioni emotive e emozionali piuttosto che razionali. Dimentichiamo il &#8230; <a title=\"Mi sun turineis: alla ricerca dell&#8217;orgoglio della torinesit\u00e0\" class=\"read-more\" href=\"https:\/\/www.pasteris.it\/blog\/2009\/07\/17\/mi-sun-turineis-alla-ricerca-dellorgoglio-della-torinesita\/\" aria-label=\"Per saperne di pi\u00f9 su Mi sun turineis: alla ricerca dell&#8217;orgoglio della torinesit\u00e0\">Leggi tutto<\/a><\/p>\n","protected":false},"author":4,"featured_media":0,"comment_status":"open","ping_status":"open","sticky":false,"template":"","format":"standard","meta":{"footnotes":""},"categories":[17,32,14,18,19],"tags":[178,2160,2164,340],"class_list":["post-1917","post","type-post","status-publish","format-standard","hentry","category-economia","category-pensieri","category-torino","category-scienza","category-tecnologia","tag-innovazione","tag-torino","tag-tecnologia","tag-torino-valley"],"_links":{"self":[{"href":"https:\/\/www.pasteris.it\/blog\/wp-json\/wp\/v2\/posts\/1917","targetHints":{"allow":["GET"]}}],"collection":[{"href":"https:\/\/www.pasteris.it\/blog\/wp-json\/wp\/v2\/posts"}],"about":[{"href":"https:\/\/www.pasteris.it\/blog\/wp-json\/wp\/v2\/types\/post"}],"author":[{"embeddable":true,"href":"https:\/\/www.pasteris.it\/blog\/wp-json\/wp\/v2\/users\/4"}],"replies":[{"embeddable":true,"href":"https:\/\/www.pasteris.it\/blog\/wp-json\/wp\/v2\/comments?post=1917"}],"version-history":[{"count":9,"href":"https:\/\/www.pasteris.it\/blog\/wp-json\/wp\/v2\/posts\/1917\/revisions"}],"predecessor-version":[{"id":11928,"href":"https:\/\/www.pasteris.it\/blog\/wp-json\/wp\/v2\/posts\/1917\/revisions\/11928"}],"wp:attachment":[{"href":"https:\/\/www.pasteris.it\/blog\/wp-json\/wp\/v2\/media?parent=1917"}],"wp:term":[{"taxonomy":"category","embeddable":true,"href":"https:\/\/www.pasteris.it\/blog\/wp-json\/wp\/v2\/categories?post=1917"},{"taxonomy":"post_tag","embeddable":true,"href":"https:\/\/www.pasteris.it\/blog\/wp-json\/wp\/v2\/tags?post=1917"}],"curies":[{"name":"wp","href":"https:\/\/api.w.org\/{rel}","templated":true}]}}