{"id":19275,"date":"2010-05-24T17:58:29","date_gmt":"2010-05-24T15:58:29","guid":{"rendered":"http:\/\/www.pasteris.it\/blog\/?p=19275"},"modified":"2010-05-24T17:58:29","modified_gmt":"2010-05-24T15:58:29","slug":"difesa-di-casta","status":"publish","type":"post","link":"https:\/\/www.pasteris.it\/blog\/2010\/05\/24\/difesa-di-casta\/","title":{"rendered":"Difesa di casta"},"content":{"rendered":"<p><a href=\"http:\/\/www.lastampa.it\/_web\/cmstp\/tmplRubriche\/editoriali\/gEditoriali.asp?ID_blog=25&amp;ID_articolo=7393&amp;ID_sezione=&amp;sezione=\">Mario Calabresi su Lastampa.it<\/a><\/p>\n<blockquote><p>Resto convinto che in uno Stato di diritto e in una democrazia sana  spetti alla magistratura la valutazione degli indizi e delle prove e che  debbano essere i tribunali e non i giornali a emettere le sentenze.  L\u2019idea di una giustizia sommaria somministrata sull\u2019onda delle emozioni e  dell\u2019indignazione \u00e8 qualcosa che mi ha sempre fatto paura e che in  passato ha fatto danni che non si dimenticano. Sarebbe il tempo di  aprire una discussione vera e approfondita sul rispetto della privacy,  dei diritti degli inquisiti e sulla tutela che andrebbe garantita a chi  finisce suo malgrado in un\u2019inchiesta senza averne colpa.<\/p>\n<p>Si potrebbe allora dire che la legge in discussione al Senato arriva al  momento opportuno. Purtroppo non \u00e8 cos\u00ec, anzi accade il contrario: il  disegno di legge sulle intercettazioni \u00e8 cos\u00ec palesemente sproporzionato  e ha un sapore talmente vendicativo da risultare inaccettabile e da  soffocare ogni possibilit\u00e0 di riflessione. Nei mesi in cui riemergono  prepotentemente la corruzione e gli intrecci tra la politica e gli  affari e in cui la nostra classe dirigente mostra il suo volto pi\u00f9  arrogante e spregiudicato, la nuova legge suona come l\u2019estremo rimedio  per coprire l\u2019illegalit\u00e0 e garantire impunit\u00e0.<br \/>\n&#8230;<br \/>\n<!--more--><br \/>\n\u00c8 ora che il Parlamento abbia un sussulto e ripensi ad una legge che  avrebbe effetti devastanti sulle inchieste.<\/p>\n<p>\u00c8 chiaro che questa legge ha poco a che fare con le preoccupazioni dei  lettori e le sensibilit\u00e0 ferite di cui parlavo prima, mentre ha molto a  che fare con una difesa corporativa e di casta. Ma non della casta dei  giornalisti, quanto di quella dei politici.<\/p><\/blockquote>\n","protected":false},"excerpt":{"rendered":"<p>Mario Calabresi su Lastampa.it Resto convinto che in uno Stato di diritto e in una democrazia sana spetti alla magistratura la valutazione degli indizi e delle prove e che debbano essere i tribunali e non i giornali a emettere le sentenze. L\u2019idea di una giustizia sommaria somministrata sull\u2019onda delle emozioni e dell\u2019indignazione \u00e8 qualcosa che &#8230; <a title=\"Difesa di casta\" class=\"read-more\" href=\"https:\/\/www.pasteris.it\/blog\/2010\/05\/24\/difesa-di-casta\/\" aria-label=\"Per saperne di pi\u00f9 su Difesa di casta\">Leggi tutto<\/a><\/p>\n","protected":false},"author":3,"featured_media":0,"comment_status":"open","ping_status":"open","sticky":false,"template":"","format":"standard","meta":{"footnotes":""},"categories":[11,30],"tags":[853,181],"class_list":["post-19275","post","type-post","status-publish","format-standard","hentry","category-diritti","category-media","tag-calabresi","tag-intercettazioni"],"_links":{"self":[{"href":"https:\/\/www.pasteris.it\/blog\/wp-json\/wp\/v2\/posts\/19275","targetHints":{"allow":["GET"]}}],"collection":[{"href":"https:\/\/www.pasteris.it\/blog\/wp-json\/wp\/v2\/posts"}],"about":[{"href":"https:\/\/www.pasteris.it\/blog\/wp-json\/wp\/v2\/types\/post"}],"author":[{"embeddable":true,"href":"https:\/\/www.pasteris.it\/blog\/wp-json\/wp\/v2\/users\/3"}],"replies":[{"embeddable":true,"href":"https:\/\/www.pasteris.it\/blog\/wp-json\/wp\/v2\/comments?post=19275"}],"version-history":[{"count":2,"href":"https:\/\/www.pasteris.it\/blog\/wp-json\/wp\/v2\/posts\/19275\/revisions"}],"predecessor-version":[{"id":19277,"href":"https:\/\/www.pasteris.it\/blog\/wp-json\/wp\/v2\/posts\/19275\/revisions\/19277"}],"wp:attachment":[{"href":"https:\/\/www.pasteris.it\/blog\/wp-json\/wp\/v2\/media?parent=19275"}],"wp:term":[{"taxonomy":"category","embeddable":true,"href":"https:\/\/www.pasteris.it\/blog\/wp-json\/wp\/v2\/categories?post=19275"},{"taxonomy":"post_tag","embeddable":true,"href":"https:\/\/www.pasteris.it\/blog\/wp-json\/wp\/v2\/tags?post=19275"}],"curies":[{"name":"wp","href":"https:\/\/api.w.org\/{rel}","templated":true}]}}