{"id":19325,"date":"2010-05-26T12:37:33","date_gmt":"2010-05-26T10:37:33","guid":{"rendered":"http:\/\/www.pasteris.it\/blog\/?p=19325"},"modified":"2010-05-26T12:37:33","modified_gmt":"2010-05-26T10:37:33","slug":"neet-da-incubo","status":"publish","type":"post","link":"https:\/\/www.pasteris.it\/blog\/2010\/05\/26\/neet-da-incubo\/","title":{"rendered":"Neet da incubo"},"content":{"rendered":"<p><a href=\"http:\/\/www.lastampa.it\/redazione\/cmsSezioni\/economia\/201005articoli\/55380girata.asp\">Via Lastampa.it<\/a><\/p>\n<blockquote><p>I pi\u00f9 colpiti dalla crisi, dice l\u2019Istat, sono i ragazzi. L\u2019Italia ha il  pi\u00f9 alto numero di giovani che non lavorano e non studiano. Si chiamano  Neet (Non in education, employment or training) e nel nostro paese sono  oltre 2 milioni. Per questo, ha il primato europeo. Hanno un\u2019et\u00e0 fra i  15 e 29 anni (il 21,2% di questa fascia di et\u00e0), per lo pi\u00f9 maschi, e  sono a rischio esclusione. Il numero dei giovani Neet \u00e8 molto cresciuto  nel 2009, a causa della crisi economica: 126 mila in pi\u00f9, concentrati al  nord (+85 mila) e al centro (+27 mila). Tuttavia il maggior numero,  oltre un milione, si trova nel Mezzogiorno. Fra i Neet si trovano anche  laureati (21% della classe di et\u00e0) e diplomati (20,2%). \u00c8 un fenomeno in  crescita; nel 2007 (dati Ocse), l\u2019Italia gi\u00e0 registrava il 10,2% di  Neet contro il 5,8% dell\u2019Ue).<\/p>\n<p>Chi sono i giovani Neet? Sono  coloro che perdono il lavoro e quanto pi\u00f9 dura questo stato di  inattivit\u00e0 tanto pi\u00f9 hanno difficolt\u00e0 a rientrare nel mondo del lavoro.  Tra il primo trimestre del 2008 e lo stesso periodo del 2009 la  probabilit\u00e0 di rimanere nella condizione di Neet \u00e8 stata del 73,3%  (l\u2019anno precedente era il 68,6%), con valori pi\u00f9 elevati per i maschi  residenti al nord. Alla pi\u00f9 elevata permanenza nello stato di Neet si  accompagna anche un incremento del flusso in entrata di questa  condizione degli studenti non occupati (dal 19,9% al 21,4%) ed una  diminuzione delle uscite verso l\u2019occupazione.<\/p><\/blockquote>\n","protected":false},"excerpt":{"rendered":"<p>Via Lastampa.it I pi\u00f9 colpiti dalla crisi, dice l\u2019Istat, sono i ragazzi. L\u2019Italia ha il pi\u00f9 alto numero di giovani che non lavorano e non studiano. Si chiamano Neet (Non in education, employment or training) e nel nostro paese sono oltre 2 milioni. Per questo, ha il primato europeo. Hanno un\u2019et\u00e0 fra i 15 e &#8230; <a title=\"Neet da incubo\" class=\"read-more\" href=\"https:\/\/www.pasteris.it\/blog\/2010\/05\/26\/neet-da-incubo\/\" aria-label=\"Per saperne di pi\u00f9 su Neet da incubo\">Leggi tutto<\/a><\/p>\n","protected":false},"author":3,"featured_media":0,"comment_status":"open","ping_status":"open","sticky":false,"template":"","format":"standard","meta":{"footnotes":""},"categories":[17,32],"tags":[379],"class_list":["post-19325","post","type-post","status-publish","format-standard","hentry","category-economia","category-pensieri","tag-crisi"],"_links":{"self":[{"href":"https:\/\/www.pasteris.it\/blog\/wp-json\/wp\/v2\/posts\/19325","targetHints":{"allow":["GET"]}}],"collection":[{"href":"https:\/\/www.pasteris.it\/blog\/wp-json\/wp\/v2\/posts"}],"about":[{"href":"https:\/\/www.pasteris.it\/blog\/wp-json\/wp\/v2\/types\/post"}],"author":[{"embeddable":true,"href":"https:\/\/www.pasteris.it\/blog\/wp-json\/wp\/v2\/users\/3"}],"replies":[{"embeddable":true,"href":"https:\/\/www.pasteris.it\/blog\/wp-json\/wp\/v2\/comments?post=19325"}],"version-history":[{"count":2,"href":"https:\/\/www.pasteris.it\/blog\/wp-json\/wp\/v2\/posts\/19325\/revisions"}],"predecessor-version":[{"id":19327,"href":"https:\/\/www.pasteris.it\/blog\/wp-json\/wp\/v2\/posts\/19325\/revisions\/19327"}],"wp:attachment":[{"href":"https:\/\/www.pasteris.it\/blog\/wp-json\/wp\/v2\/media?parent=19325"}],"wp:term":[{"taxonomy":"category","embeddable":true,"href":"https:\/\/www.pasteris.it\/blog\/wp-json\/wp\/v2\/categories?post=19325"},{"taxonomy":"post_tag","embeddable":true,"href":"https:\/\/www.pasteris.it\/blog\/wp-json\/wp\/v2\/tags?post=19325"}],"curies":[{"name":"wp","href":"https:\/\/api.w.org\/{rel}","templated":true}]}}