{"id":19344,"date":"2010-05-27T11:14:58","date_gmt":"2010-05-27T09:14:58","guid":{"rendered":"http:\/\/www.pasteris.it\/blog\/?p=19344"},"modified":"2010-05-27T09:28:54","modified_gmt":"2010-05-27T07:28:54","slug":"trasmettere-il-senso-dellolivetti","status":"publish","type":"post","link":"https:\/\/www.pasteris.it\/blog\/2010\/05\/27\/trasmettere-il-senso-dellolivetti\/","title":{"rendered":"Trasmettere il senso dell&#8217;Olivetti"},"content":{"rendered":"<p><a href=\"http:\/\/www.localport.it\/eventi\/notizie\/notizie_espansa.asp?N=60912\">Matteo Olivetti scrive a Localport<\/a><\/p>\n<blockquote><p>Sono le prossime generazioni che devono appropriarsi di quella che \u00e8  stata una esperienza che ha creato la fortuna del nostro territorio  perch\u00e9 non deve essere dispersa nel nulla. Noi, le Spille d&#8217;oro, la  Fondazione Adriano Olivetti, la Fondazione Natale Capellaro, l&#8217;Archivio  Storico Olivetti e molti altri appassionati (tra questi ci sono molti  che hanno vissuto quella esperienza e che credono possa servire per  ricostruire la nostra fortuna) ci siamo impegnati per capire e trovare  un sistema che possa valorizzare la nostra storia ma che fosse utile  (come esperienza) per costruire le attivit\u00e0 produttive e culturali del  futuro, per le nascenti generazioni.<\/p>\n<p>Per adesso abbiamo  inquadrato il problema, trovato uno spazio e stavamo cercando di  lavorare per creare i contatti. L&#8217;idea \u00e8 di non creare un \u201cmuseo statico  e polveroso\u201d come quelli che troviamo nelle grandi citt\u00e0 e che stanno  chiudendo, ma deve essere uno spazio di ricerca, dinamico, collegato  alle universit\u00e0 e al mondo culturale e a tutte quelle realt\u00e0 che fanno  parte della economia imprenditoriale del momento, rivalorizzando  attraverso gli occhi di quella esperienza la futura economia del nostro  territorio.<br \/>\n<!--more--><br \/>\nSicuramente abbiamo bisogno della saggezza di chi ha  vissuto quegli anni ma abbiamo anche bisogno di spazio e di completa  fiducia da parte loro (perch\u00e9 hanno ancora le redini della economia) in  vista di preparare il terreno per le prossime generazioni.<\/p>\n<p>Noi  siamo la generazione di transizione ed \u00e8 difficile da capire e da  ammettere ma anche questo \u00e8 riportato nel pensiero politico di Adriano  Olivetti ed \u00e8 il concetto di \u201cfabbrica\u201d in tutte le sue sfaccettature  che dobbiamo salvare ma sopratutto trasmettere alle nuove generazioni  per ricreare l&#8217;economia.<\/p><\/blockquote>\n","protected":false},"excerpt":{"rendered":"<p>Matteo Olivetti scrive a Localport Sono le prossime generazioni che devono appropriarsi di quella che \u00e8 stata una esperienza che ha creato la fortuna del nostro territorio perch\u00e9 non deve essere dispersa nel nulla. Noi, le Spille d&#8217;oro, la Fondazione Adriano Olivetti, la Fondazione Natale Capellaro, l&#8217;Archivio Storico Olivetti e molti altri appassionati (tra questi &#8230; <a title=\"Trasmettere il senso dell&#8217;Olivetti\" class=\"read-more\" href=\"https:\/\/www.pasteris.it\/blog\/2010\/05\/27\/trasmettere-il-senso-dellolivetti\/\" aria-label=\"Per saperne di pi\u00f9 su Trasmettere il senso dell&#8217;Olivetti\">Leggi tutto<\/a><\/p>\n","protected":false},"author":3,"featured_media":0,"comment_status":"open","ping_status":"open","sticky":false,"template":"","format":"standard","meta":{"footnotes":""},"categories":[32,14],"tags":[189,250],"class_list":["post-19344","post","type-post","status-publish","format-standard","hentry","category-pensieri","category-torino","tag-ivrea","tag-olivetti"],"_links":{"self":[{"href":"https:\/\/www.pasteris.it\/blog\/wp-json\/wp\/v2\/posts\/19344","targetHints":{"allow":["GET"]}}],"collection":[{"href":"https:\/\/www.pasteris.it\/blog\/wp-json\/wp\/v2\/posts"}],"about":[{"href":"https:\/\/www.pasteris.it\/blog\/wp-json\/wp\/v2\/types\/post"}],"author":[{"embeddable":true,"href":"https:\/\/www.pasteris.it\/blog\/wp-json\/wp\/v2\/users\/3"}],"replies":[{"embeddable":true,"href":"https:\/\/www.pasteris.it\/blog\/wp-json\/wp\/v2\/comments?post=19344"}],"version-history":[{"count":2,"href":"https:\/\/www.pasteris.it\/blog\/wp-json\/wp\/v2\/posts\/19344\/revisions"}],"predecessor-version":[{"id":19346,"href":"https:\/\/www.pasteris.it\/blog\/wp-json\/wp\/v2\/posts\/19344\/revisions\/19346"}],"wp:attachment":[{"href":"https:\/\/www.pasteris.it\/blog\/wp-json\/wp\/v2\/media?parent=19344"}],"wp:term":[{"taxonomy":"category","embeddable":true,"href":"https:\/\/www.pasteris.it\/blog\/wp-json\/wp\/v2\/categories?post=19344"},{"taxonomy":"post_tag","embeddable":true,"href":"https:\/\/www.pasteris.it\/blog\/wp-json\/wp\/v2\/tags?post=19344"}],"curies":[{"name":"wp","href":"https:\/\/api.w.org\/{rel}","templated":true}]}}