{"id":19444,"date":"2010-05-30T13:08:01","date_gmt":"2010-05-30T11:08:01","guid":{"rendered":"http:\/\/www.pasteris.it\/blog\/?p=19444"},"modified":"2010-05-29T13:18:58","modified_gmt":"2010-05-29T11:18:58","slug":"ipad-si-poteva-fare-meglio","status":"publish","type":"post","link":"https:\/\/www.pasteris.it\/blog\/2010\/05\/30\/ipad-si-poteva-fare-meglio\/","title":{"rendered":"Ipad: si poteva fare meglio"},"content":{"rendered":"<p><a href=\"http:\/\/www.pinobruno.it\/?p=6672\">Via Pino Bruno<\/a><\/p>\n<blockquote><p>Questo blog va controcorrente, come un salmone esausto, e non partecipa alla fregola collettiva in favore di iPad. Non di questa versione, almeno, evirata di componenti fondamentali: webcam e porta USB, innanzitutto. Apple poteva aspettare qualche mese e proporre un oggetto pi\u00f9 compiuto e accessoriato. Se non lo ha fatto \u00e8 perch\u00e9 la mela si sta sempre pi\u00f9 microsoftizzando. Prima pensava soprattutto al prodotto e poi al mercato. Adesso ragiona in senso inverso.<\/p>\n<p>Per carit\u00e0, questo meraviglioso giocattolo avr\u00e0 grande successo di vendite. I media lo stanno trainando da quando era ancora nella pancia (e nella testa) di Steve Jobs. Adesso che il neonato ha visto la luce \u2013 come conviene alla straordinaria campagna di marketing \u2013 chi non ce l\u2019ha, chi non lo acquista, sar\u00e0 consegnato al pubblico ludibrio.<br \/>\npowered by WordPress Multibox Plugin v1.3.5<\/p>\n<p>E allora, questo blog si autoconsegna alla gogna, alla colonna infame. iPad sar\u00e0 nostro quando raggiunger\u00e0 la maturit\u00e0 di prodotto davvero alternativo al netbook. Ovvero un oggetto che permetta di usare Skype, spedire SMS (perch\u00e9 no, visto che c\u2019\u00e8 dentro una SIM), collegare una stampante alla porta USB, scrivere con una tastiera \u2013 sia pur virtuale \u2013 pi\u00f9 ergonomica. Insomma, iPad 2, cos\u00ec come dopo iPhone \u00e8 arrivato iPhone 3G S. Scommettiamo che ci vorranno al massimo dodici mesi? <\/p><\/blockquote>\n","protected":false},"excerpt":{"rendered":"<p>Via Pino Bruno Questo blog va controcorrente, come un salmone esausto, e non partecipa alla fregola collettiva in favore di iPad. Non di questa versione, almeno, evirata di componenti fondamentali: webcam e porta USB, innanzitutto. Apple poteva aspettare qualche mese e proporre un oggetto pi\u00f9 compiuto e accessoriato. Se non lo ha fatto \u00e8 perch\u00e9 &#8230; <a title=\"Ipad: si poteva fare meglio\" class=\"read-more\" href=\"https:\/\/www.pasteris.it\/blog\/2010\/05\/30\/ipad-si-poteva-fare-meglio\/\" aria-label=\"Per saperne di pi\u00f9 su Ipad: si poteva fare meglio\">Leggi tutto<\/a><\/p>\n","protected":false},"author":3,"featured_media":0,"comment_status":"open","ping_status":"open","sticky":false,"template":"","format":"standard","meta":{"footnotes":""},"categories":[33,17,15],"tags":[1236],"class_list":["post-19444","post","type-post","status-publish","format-standard","hentry","category-computer","category-economia","category-mobile","tag-ipad"],"_links":{"self":[{"href":"https:\/\/www.pasteris.it\/blog\/wp-json\/wp\/v2\/posts\/19444","targetHints":{"allow":["GET"]}}],"collection":[{"href":"https:\/\/www.pasteris.it\/blog\/wp-json\/wp\/v2\/posts"}],"about":[{"href":"https:\/\/www.pasteris.it\/blog\/wp-json\/wp\/v2\/types\/post"}],"author":[{"embeddable":true,"href":"https:\/\/www.pasteris.it\/blog\/wp-json\/wp\/v2\/users\/3"}],"replies":[{"embeddable":true,"href":"https:\/\/www.pasteris.it\/blog\/wp-json\/wp\/v2\/comments?post=19444"}],"version-history":[{"count":1,"href":"https:\/\/www.pasteris.it\/blog\/wp-json\/wp\/v2\/posts\/19444\/revisions"}],"predecessor-version":[{"id":19445,"href":"https:\/\/www.pasteris.it\/blog\/wp-json\/wp\/v2\/posts\/19444\/revisions\/19445"}],"wp:attachment":[{"href":"https:\/\/www.pasteris.it\/blog\/wp-json\/wp\/v2\/media?parent=19444"}],"wp:term":[{"taxonomy":"category","embeddable":true,"href":"https:\/\/www.pasteris.it\/blog\/wp-json\/wp\/v2\/categories?post=19444"},{"taxonomy":"post_tag","embeddable":true,"href":"https:\/\/www.pasteris.it\/blog\/wp-json\/wp\/v2\/tags?post=19444"}],"curies":[{"name":"wp","href":"https:\/\/api.w.org\/{rel}","templated":true}]}}