{"id":19552,"date":"2010-06-03T14:58:53","date_gmt":"2010-06-03T12:58:53","guid":{"rendered":"http:\/\/www.pasteris.it\/blog\/?p=19552"},"modified":"2010-06-03T14:58:53","modified_gmt":"2010-06-03T12:58:53","slug":"in-viaggio-verso-marte-per-ora-simulato","status":"publish","type":"post","link":"https:\/\/www.pasteris.it\/blog\/2010\/06\/03\/in-viaggio-verso-marte-per-ora-simulato\/","title":{"rendered":"In viaggio verso Marte per ora simulato"},"content":{"rendered":"<p><a href=\"http:\/\/www.repubblica.it\/scienze\/2010\/06\/01\/news\/marte_viaggio_da_520_giorni_pronta_la_simulazione_storica-4487932\/\">Via Repubblica<\/a><\/p>\n<blockquote><p>Nella camera d&#8217;isolamento \u00e8 tutto pronto: modulo abitativo, provviste, ambulatorio medico, navicella per l&#8217;atterraggio e 1.200 metri cubi di &#8220;suolo marziano&#8221;. Il 3 giugno inizia il viaggio per Marte. Il bello, per\u00f2, \u00e8 che nessuno muover\u00e0 un passo da Terra: per 520 lunghi giorni, sei prescelti dalle agenzie spaziali europea e russa resteranno chiusi in un&#8217;astronave-bunker poco lontano dal centro di Mosca. L&#8217;esperimento, denominato &#8220;Mars 500&#8221;, sar\u00e0 la pi\u00f9 lunga simulazione di viaggio spaziale mai realizzata fino ad ora. Il progetto \u00e8 nato dalla collaborazione tra il Russian Institute for Biomedical Problems (Ibmp), la Russian Federal Space Agency (Roscosmos) e la European Space Agency (Esa). Lo scopo principale \u00e8 studiare le reazioni fisiche e mentali che si innescano in condizioni di isolamento forzato, quando per circa 18 mesi si \u00e8 costretti a vivere in spazi ristretti e senza contatti con il mondo esterno. Una sorta di Grande Fratello dello spazio, a cui parteciper\u00e0 anche un italo-colombiano: Diego Urbina, 27 anni e un curriculum a met\u00e0 strada tra l&#8217;ingegnere e l&#8217;esploratore. Tra la miriade di esperimenti a cui i sei verranno sottoposti, alcuni saranno realizzati da ricercatori italiani dell&#8217;Universit\u00e0 della Tuscia, dell&#8217;Istituto di Ricovero e Cura a Carattere Scientifico, dell&#8217;Universit\u00e0 di Milano e del Centro Extreme.<\/p><\/blockquote>\n","protected":false},"excerpt":{"rendered":"<p>Via Repubblica Nella camera d&#8217;isolamento \u00e8 tutto pronto: modulo abitativo, provviste, ambulatorio medico, navicella per l&#8217;atterraggio e 1.200 metri cubi di &#8220;suolo marziano&#8221;. Il 3 giugno inizia il viaggio per Marte. Il bello, per\u00f2, \u00e8 che nessuno muover\u00e0 un passo da Terra: per 520 lunghi giorni, sei prescelti dalle agenzie spaziali europea e russa resteranno &#8230; <a title=\"In viaggio verso Marte per ora simulato\" class=\"read-more\" href=\"https:\/\/www.pasteris.it\/blog\/2010\/06\/03\/in-viaggio-verso-marte-per-ora-simulato\/\" aria-label=\"Per saperne di pi\u00f9 su In viaggio verso Marte per ora simulato\">Leggi tutto<\/a><\/p>\n","protected":false},"author":3,"featured_media":0,"comment_status":"open","ping_status":"open","sticky":false,"template":"","format":"standard","meta":{"footnotes":""},"categories":[15,18],"tags":[1140,2163],"class_list":["post-19552","post","type-post","status-publish","format-standard","hentry","category-mobile","category-scienza","tag-marte","tag-scienza"],"_links":{"self":[{"href":"https:\/\/www.pasteris.it\/blog\/wp-json\/wp\/v2\/posts\/19552","targetHints":{"allow":["GET"]}}],"collection":[{"href":"https:\/\/www.pasteris.it\/blog\/wp-json\/wp\/v2\/posts"}],"about":[{"href":"https:\/\/www.pasteris.it\/blog\/wp-json\/wp\/v2\/types\/post"}],"author":[{"embeddable":true,"href":"https:\/\/www.pasteris.it\/blog\/wp-json\/wp\/v2\/users\/3"}],"replies":[{"embeddable":true,"href":"https:\/\/www.pasteris.it\/blog\/wp-json\/wp\/v2\/comments?post=19552"}],"version-history":[{"count":1,"href":"https:\/\/www.pasteris.it\/blog\/wp-json\/wp\/v2\/posts\/19552\/revisions"}],"predecessor-version":[{"id":19553,"href":"https:\/\/www.pasteris.it\/blog\/wp-json\/wp\/v2\/posts\/19552\/revisions\/19553"}],"wp:attachment":[{"href":"https:\/\/www.pasteris.it\/blog\/wp-json\/wp\/v2\/media?parent=19552"}],"wp:term":[{"taxonomy":"category","embeddable":true,"href":"https:\/\/www.pasteris.it\/blog\/wp-json\/wp\/v2\/categories?post=19552"},{"taxonomy":"post_tag","embeddable":true,"href":"https:\/\/www.pasteris.it\/blog\/wp-json\/wp\/v2\/tags?post=19552"}],"curies":[{"name":"wp","href":"https:\/\/api.w.org\/{rel}","templated":true}]}}