{"id":19630,"date":"2010-06-08T09:06:39","date_gmt":"2010-06-08T07:06:39","guid":{"rendered":"http:\/\/www.pasteris.it\/blog\/?p=19630"},"modified":"2010-06-07T21:11:30","modified_gmt":"2010-06-07T19:11:30","slug":"attenti-a-torino-alle-truffe-sugli-allacciamenti-elettrici","status":"publish","type":"post","link":"https:\/\/www.pasteris.it\/blog\/2010\/06\/08\/attenti-a-torino-alle-truffe-sugli-allacciamenti-elettrici\/","title":{"rendered":"Attenti  a Torino alle truffe sugli allacciamenti elettrici"},"content":{"rendered":"<p><a href=\"http:\/\/www3.lastampa.it\/torino\/sezioni\/cronaca\/articolo\/lstp\/238422\/\">Daniela Lanni su Lastampa.it<\/a><\/p>\n<blockquote><p>lI Movimento Consumatori di Torino ha inviato all&#8217;Antitrust un esposto nei confronti della societ\u00e0 Enel Energia e delle persone che lavorano per suo conto sul territorio per \u201cpratiche commerciali scorrette ai sensi del Codice del Consumo\u201d. Nell&#8217;occhio del ciclone sono finite le promozioni \u201cporta a porta\u201d dei contratti di fornitura di luce e gas. Decisione presa perch\u00e9 negli ultimi mesi all&#8217;associazione sono giunte una ventina di denunce fatte da cittadini, in particolare anziani, di presumibili truffe o raggiri che chiamavano in causa operatori dell&#8217; Enel. In pratica gli utenti hanno raccontato di visite di \u201cfinti letturisti dei contatori\u201d ma anche di proposte poco chiare o ingannevoli il cui scopo era la sottoscrizione di un contratto. C&#8217;\u00e8 chi, come la signora Anna, ha aperto la porta di casa a un ragazzo sui 20anni, con tanto di cartellino identificativo e moduli intestati Enel, che con molta gentilezza, le ha chiesto di visionare l&#8217;ultima bolletta della luce in modo da verificare a quale fascia di consumo appartenesse. Una verifica necessaria per inserirla nella nuova tariffa bioraria a lei pi\u00f9 conveniente. Nel mentre, per\u00f2, ha trascritto i dati riportati sulla bolletta AEM sul proprio modulo, che una volta firmato, si \u00e8 trasformato in un contratto vero e proprio di passaggio delle forniture da AEM a Enel. Il tutto all&#8217;insaputa dell&#8217;ignara e ingenua signora. <\/p><\/blockquote>\n","protected":false},"excerpt":{"rendered":"<p>Daniela Lanni su Lastampa.it lI Movimento Consumatori di Torino ha inviato all&#8217;Antitrust un esposto nei confronti della societ\u00e0 Enel Energia e delle persone che lavorano per suo conto sul territorio per \u201cpratiche commerciali scorrette ai sensi del Codice del Consumo\u201d. Nell&#8217;occhio del ciclone sono finite le promozioni \u201cporta a porta\u201d dei contratti di fornitura di &#8230; <a title=\"Attenti  a Torino alle truffe sugli allacciamenti elettrici\" class=\"read-more\" href=\"https:\/\/www.pasteris.it\/blog\/2010\/06\/08\/attenti-a-torino-alle-truffe-sugli-allacciamenti-elettrici\/\" aria-label=\"Per saperne di pi\u00f9 su Attenti  a Torino alle truffe sugli allacciamenti elettrici\">Leggi tutto<\/a><\/p>\n","protected":false},"author":3,"featured_media":0,"comment_status":"open","ping_status":"open","sticky":false,"template":"","format":"standard","meta":{"footnotes":""},"categories":[11,14],"tags":[680,1387],"class_list":["post-19630","post","type-post","status-publish","format-standard","hentry","category-diritti","category-torino","tag-elettricita","tag-enel"],"_links":{"self":[{"href":"https:\/\/www.pasteris.it\/blog\/wp-json\/wp\/v2\/posts\/19630","targetHints":{"allow":["GET"]}}],"collection":[{"href":"https:\/\/www.pasteris.it\/blog\/wp-json\/wp\/v2\/posts"}],"about":[{"href":"https:\/\/www.pasteris.it\/blog\/wp-json\/wp\/v2\/types\/post"}],"author":[{"embeddable":true,"href":"https:\/\/www.pasteris.it\/blog\/wp-json\/wp\/v2\/users\/3"}],"replies":[{"embeddable":true,"href":"https:\/\/www.pasteris.it\/blog\/wp-json\/wp\/v2\/comments?post=19630"}],"version-history":[{"count":1,"href":"https:\/\/www.pasteris.it\/blog\/wp-json\/wp\/v2\/posts\/19630\/revisions"}],"predecessor-version":[{"id":19631,"href":"https:\/\/www.pasteris.it\/blog\/wp-json\/wp\/v2\/posts\/19630\/revisions\/19631"}],"wp:attachment":[{"href":"https:\/\/www.pasteris.it\/blog\/wp-json\/wp\/v2\/media?parent=19630"}],"wp:term":[{"taxonomy":"category","embeddable":true,"href":"https:\/\/www.pasteris.it\/blog\/wp-json\/wp\/v2\/categories?post=19630"},{"taxonomy":"post_tag","embeddable":true,"href":"https:\/\/www.pasteris.it\/blog\/wp-json\/wp\/v2\/tags?post=19630"}],"curies":[{"name":"wp","href":"https:\/\/api.w.org\/{rel}","templated":true}]}}