{"id":19668,"date":"2010-06-09T13:37:48","date_gmt":"2010-06-09T11:37:48","guid":{"rendered":"http:\/\/www.pasteris.it\/blog\/?p=19668"},"modified":"2010-06-09T13:37:48","modified_gmt":"2010-06-09T11:37:48","slug":"linferno-della-costituzione","status":"publish","type":"post","link":"https:\/\/www.pasteris.it\/blog\/2010\/06\/09\/linferno-della-costituzione\/","title":{"rendered":"L&#8217;inferno della Costituzione"},"content":{"rendered":"<p>Silvio Berlusconi:<\/p>\n<blockquote><p>Governare e fare le leggi &#8220;visto da dentro \u00e8 un inferno: non \u00e8 che  manchino le intenzioni o buoni progetti, ma \u00e8 l\u2019architettura  costituzionale che rende difficilissimo trasformare progetti in leggi  concrete&#8221;<\/p><\/blockquote>\n","protected":false},"excerpt":{"rendered":"<p>Silvio Berlusconi: Governare e fare le leggi &#8220;visto da dentro \u00e8 un inferno: non \u00e8 che manchino le intenzioni o buoni progetti, ma \u00e8 l\u2019architettura costituzionale che rende difficilissimo trasformare progetti in leggi concrete&#8221;<\/p>\n","protected":false},"author":3,"featured_media":0,"comment_status":"open","ping_status":"open","sticky":false,"template":"","format":"standard","meta":{"footnotes":""},"categories":[11,1],"tags":[69,435],"class_list":["post-19668","post","type-post","status-publish","format-standard","hentry","category-diritti","category-politica","tag-berlusconi","tag-costituzione"],"_links":{"self":[{"href":"https:\/\/www.pasteris.it\/blog\/wp-json\/wp\/v2\/posts\/19668","targetHints":{"allow":["GET"]}}],"collection":[{"href":"https:\/\/www.pasteris.it\/blog\/wp-json\/wp\/v2\/posts"}],"about":[{"href":"https:\/\/www.pasteris.it\/blog\/wp-json\/wp\/v2\/types\/post"}],"author":[{"embeddable":true,"href":"https:\/\/www.pasteris.it\/blog\/wp-json\/wp\/v2\/users\/3"}],"replies":[{"embeddable":true,"href":"https:\/\/www.pasteris.it\/blog\/wp-json\/wp\/v2\/comments?post=19668"}],"version-history":[{"count":2,"href":"https:\/\/www.pasteris.it\/blog\/wp-json\/wp\/v2\/posts\/19668\/revisions"}],"predecessor-version":[{"id":19670,"href":"https:\/\/www.pasteris.it\/blog\/wp-json\/wp\/v2\/posts\/19668\/revisions\/19670"}],"wp:attachment":[{"href":"https:\/\/www.pasteris.it\/blog\/wp-json\/wp\/v2\/media?parent=19668"}],"wp:term":[{"taxonomy":"category","embeddable":true,"href":"https:\/\/www.pasteris.it\/blog\/wp-json\/wp\/v2\/categories?post=19668"},{"taxonomy":"post_tag","embeddable":true,"href":"https:\/\/www.pasteris.it\/blog\/wp-json\/wp\/v2\/tags?post=19668"}],"curies":[{"name":"wp","href":"https:\/\/api.w.org\/{rel}","templated":true}]}}