{"id":19706,"date":"2010-06-14T07:00:48","date_gmt":"2010-06-14T05:00:48","guid":{"rendered":"http:\/\/www.pasteris.it\/blog\/?p=19706"},"modified":"2010-06-13T19:51:37","modified_gmt":"2010-06-13T17:51:37","slug":"il-vero-obiettivo-della-legge-anti-intercettazioni","status":"publish","type":"post","link":"https:\/\/www.pasteris.it\/blog\/2010\/06\/14\/il-vero-obiettivo-della-legge-anti-intercettazioni\/","title":{"rendered":"Il vero obiettivo della legge anti intercettazioni"},"content":{"rendered":"<p><a href=\"http:\/\/www.lavoce.info\/articoli\/pagina1001736.html\">Via Lavoce.info<\/a><\/p>\n<div>\n<blockquote><p>Il mondo dell\u2019informazione si \u00e8 compattato nelle ultime  settimane, coinvolgendo giornalisti con posizioni politiche anche  diverse, nell\u2019opporsi al disegno di legge sulle intercettazioni.  \u00c8 un segnale importante che fa emergere i media come uno dei poteri di  controllo all\u2019interno di una societ\u00e0 democratica. L\u2019impossibilit\u00e0 di  riportare notizie e atti di inchiesta fino al termine dell\u2019udienza  preliminare, anche quando questi stessi documenti non siano pi\u00f9 coperti  dal segreto istruttorio, appare un esercizio di arroganza del potere politico che molti costituzionalisti giudicano destinato a  un nuovo frontale con la valutazione della Corte costituzionale. Il  divieto di pubblicare il contenuto delle intercettazioni contenute negli  atti, nemmeno in forma di riassunto, limita ulteriormente il ruolo  dell\u2019informazione nell\u2019orientare l\u2019opinione pubblica. E confonde alcuni  eccessi, che pur si sono verificati nella ricerca del particolare  sensazionale quanto irrilevante nell\u2019ambito delle indagini, con un bando  generalizzato che impedisce al cittadino di conoscere.<\/p>\n<p>&#8230;<\/p>\n<p><!--more--><\/p>\n<p>Ma questo esercizio, purtroppo, \u00e8 una  sottostima di quanto sarebbe avvenuto con la nuova legge, poich\u00e9 non pu\u00f2  valutare quello che \u00e8 il vero effetto dirompente di un uso ridotto e  addomesticato delle intercettazioni, vale a dire una capacit\u00e0 molto meno  incisiva delle inchieste giudiziarie nel reperire evidenze e prove.  Molto probabilmente di alcune delle indagini giudiziarie citate in  quegli articoli non avremmo saputo non tanto per il bavaglio ai  giornali, quanto per l\u2019impossibilit\u00e0 di raggiungere gli elementi  di prova messi assieme anche attraverso le intercettazioni  dalla magistratura inquirente.<br \/>\nNella discussione di oggi non vorremmo  quindi che la giusta reazione dei media spostasse l\u2019attenzione della  discussione dal problema cruciale: le intercettazioni sono uno strumento  di indagine e reperimento delle prove essenziale per la magistratura,  senza cui le indagini avrebbero meno capacit\u00e0 di incidere. \u00c8 prima di  tutto su queste limitazioni che va condotta una battaglia civile. A cui  unire la difesa del diritto di cronaca. Non vorremmo invece che la  discussione cadesse nella trappola evidente predisposta dal governo, con  una attenzione focalizzata sui diritti di informare i cittadini, ma  meno vigile sulla difesa dello strumento di indagine per il lavoro dei  magistrati. Sarebbe un triste paradosso quello di una battaglia al calor  bianco in cui il diritto di cronaca uscisse alla fine meno compresso,  salvo poi accorgerci che poco o nulla i giornali potrebbero raccontare  ai propri lettori in merito al lavoro della magistratura per la  impossibilit\u00e0 delle indagini giudiziarie di raggiungere  risultati.<\/p><\/blockquote>\n<\/div>\n","protected":false},"excerpt":{"rendered":"<p>Via Lavoce.info Il mondo dell\u2019informazione si \u00e8 compattato nelle ultime settimane, coinvolgendo giornalisti con posizioni politiche anche diverse, nell\u2019opporsi al disegno di legge sulle intercettazioni. \u00c8 un segnale importante che fa emergere i media come uno dei poteri di controllo all\u2019interno di una societ\u00e0 democratica. L\u2019impossibilit\u00e0 di riportare notizie e atti di inchiesta fino al &#8230; <a title=\"Il vero obiettivo della legge anti intercettazioni\" class=\"read-more\" href=\"https:\/\/www.pasteris.it\/blog\/2010\/06\/14\/il-vero-obiettivo-della-legge-anti-intercettazioni\/\" aria-label=\"Per saperne di pi\u00f9 su Il vero obiettivo della legge anti intercettazioni\">Leggi tutto<\/a><\/p>\n","protected":false},"author":3,"featured_media":0,"comment_status":"open","ping_status":"open","sticky":false,"template":"","format":"standard","meta":{"footnotes":""},"categories":[11,1,30],"tags":[690,176,181],"class_list":["post-19706","post","type-post","status-publish","format-standard","hentry","category-diritti","category-politica","category-media","tag-giustizia","tag-informazione","tag-intercettazioni"],"_links":{"self":[{"href":"https:\/\/www.pasteris.it\/blog\/wp-json\/wp\/v2\/posts\/19706","targetHints":{"allow":["GET"]}}],"collection":[{"href":"https:\/\/www.pasteris.it\/blog\/wp-json\/wp\/v2\/posts"}],"about":[{"href":"https:\/\/www.pasteris.it\/blog\/wp-json\/wp\/v2\/types\/post"}],"author":[{"embeddable":true,"href":"https:\/\/www.pasteris.it\/blog\/wp-json\/wp\/v2\/users\/3"}],"replies":[{"embeddable":true,"href":"https:\/\/www.pasteris.it\/blog\/wp-json\/wp\/v2\/comments?post=19706"}],"version-history":[{"count":2,"href":"https:\/\/www.pasteris.it\/blog\/wp-json\/wp\/v2\/posts\/19706\/revisions"}],"predecessor-version":[{"id":19708,"href":"https:\/\/www.pasteris.it\/blog\/wp-json\/wp\/v2\/posts\/19706\/revisions\/19708"}],"wp:attachment":[{"href":"https:\/\/www.pasteris.it\/blog\/wp-json\/wp\/v2\/media?parent=19706"}],"wp:term":[{"taxonomy":"category","embeddable":true,"href":"https:\/\/www.pasteris.it\/blog\/wp-json\/wp\/v2\/categories?post=19706"},{"taxonomy":"post_tag","embeddable":true,"href":"https:\/\/www.pasteris.it\/blog\/wp-json\/wp\/v2\/tags?post=19706"}],"curies":[{"name":"wp","href":"https:\/\/api.w.org\/{rel}","templated":true}]}}