{"id":19788,"date":"2010-06-17T16:30:52","date_gmt":"2010-06-17T14:30:52","guid":{"rendered":"http:\/\/www.pasteris.it\/blog\/?p=19788"},"modified":"2010-06-17T14:51:16","modified_gmt":"2010-06-17T12:51:16","slug":"nessuno-tocchi-i-blog","status":"publish","type":"post","link":"https:\/\/www.pasteris.it\/blog\/2010\/06\/17\/nessuno-tocchi-i-blog\/","title":{"rendered":"Nessuno tocchi i blog"},"content":{"rendered":"<p><img decoding=\"async\" class=\"alignright\" src=\"http:\/\/www.mobilitanti.it\/imagesfe\/blog_banner_32361_ico.jpg\" alt=\"\" \/>L&#8217;appello da firmare <a href=\"http:\/\/www.mobilitanti.it\/dettaglio\/110443\">lo trovate qui<\/a><\/p>\n<blockquote><p>Da pochi giorni in Senato la maggioranza con la trentesima fiducia ha  approvato il ddl intercettazioni: un testo che tutela meglio i criminali  dei cittadini e uccide il diritto ad essere informati. Tra i commi del  testo ci sono attacchi e censure anche alla Rete.  Una pagina davvero  brutta per la democrazia italiana, il ddl intercettazioni dopo 2 anni di  gestazione si dimostra un grande esproprio della democrazia e  dell&#8217;informazione, dove le notizie cattive si sommano, e ora toccano  anche il controllo e la censura della Rete.   Come hanno indicato i  senatori del Pd Vincenzo Vita e Felice Casson tra i tanti passaggi  liberticidi e censori del maxiemendamento sulle intercettazioni ce n&#8217;\u00e8  anche uno devastante per la rete. Infatti, per ci\u00f2 che attiene alla  &#8216;rettifica&#8217;, si equiparano i siti informatici ai giornali, dando ai  blogger l&#8217;obbligo di rettifica in 48 ore.<\/p><\/blockquote>\n<blockquote><p>Il comma 29 dell\u2019art. 1  prevede che la disciplina in materia di obbligo di rettifica prevista  nella vecchia legge sulla stampa del 1948 si applichi anche ai \u201ci siti  informatici, ivi compresi i giornali quotidiani e periodici diffusi per  via telematica\u201d! I blogger all\u2019entrata in vigore della nuova legge  anti-intercettazioni, dovranno provvedere a dar corso ad ogni richiesta  di rettifica ricevuta, entro 48 ore, a pena, in caso contrario, di  vedersi irrogare una sanzione fino a 12.500 euro..   Ma un blog non \u00e8  un giornale, il blogger non \u00e8 un redattore, spesso gli aggiornamenti  sono saltuari.  Si pu\u00f2 rischiare una maximulta perch\u00e9 magari si \u00e8 in  vacanza o non si controlla la posta? Ci\u00f2 significa rendere la vita  impossibile a migliaia di siti e di blog, ben diversi dalle testate  giornalistiche.<\/p>\n<p><!--more-->Lo fanno dimenticando che la rete \u00e8 proprio un&#8217;altra  cosa.  L&#8217;emendamento del PD per modificare questa norma non \u00e8 stato  discusso perch\u00e9 la fiducia taglia tutto . Ma la destra abituata a usare  la tv o non lo sa, o sperando nel silenzio prova a mettere le mani dove  ancora non era riuscita a farlo. Non sappiamo se questo sia l\u2019obiettivo  perseguito o solo un effetto collaterale dell\u2019ignoranza con la quale il  centrodestra continua ad affrontare le dinamiche della ret e, di sicuro  faranno passare ai pi\u00f9 la voglia di occuparsi, on line, di informazione  in ambiti o materie suscettibili di urtare la sensibilit\u00e0 di qualcuno  ed indurlo a domandare &#8211; a torto o a ragione &#8211; la rettifica. Un ottimo  silenziatore alle domande legittime dei frequentatori del web.   Non  finisce qui. I senatori PD vogliono presentare, d&#8217;intesa con i colleghi  della Camera dei D eputati, un disegno di legge seccamente abrogativo  della seconda parte della lettera a del comma 29 che recita per  l&#8217;appunto: &#8221;per i siti informatici sono pubblicate entro 48 ore dalla  richiesta&#8230;&#8221;.<\/p>\n<p>Ci chiediamo se l&#8217;emendamento sar\u00e0 sostenuto anche  dai parlamentari di PDL e Lega che fanno parte dell&#8217;intergruppo web 2.0 e  che nei convegni si esprimono sempre a difesa della libert\u00e0  d&#8217;espressione in rete. Ora devono dimostrare alla rete che le loro non  sono solo parole, da abolire a un cenno di Berlusconi.   Chiediamo  loro  di firmare e votare l&#8217;emendamento PD al comma 29 per abolire l&#8217;obbligo  di rettifica in 48 ore per siti e blog.<\/p><\/blockquote>\n","protected":false},"excerpt":{"rendered":"<p>L&#8217;appello da firmare lo trovate qui Da pochi giorni in Senato la maggioranza con la trentesima fiducia ha approvato il ddl intercettazioni: un testo che tutela meglio i criminali dei cittadini e uccide il diritto ad essere informati. Tra i commi del testo ci sono attacchi e censure anche alla Rete. Una pagina davvero brutta &#8230; <a title=\"Nessuno tocchi i blog\" class=\"read-more\" href=\"https:\/\/www.pasteris.it\/blog\/2010\/06\/17\/nessuno-tocchi-i-blog\/\" aria-label=\"Per saperne di pi\u00f9 su Nessuno tocchi i blog\">Leggi tutto<\/a><\/p>\n","protected":false},"author":3,"featured_media":0,"comment_status":"open","ping_status":"open","sticky":false,"template":"","format":"standard","meta":{"footnotes":""},"categories":[10,11,30],"tags":[2157,181],"class_list":["post-19788","post","type-post","status-publish","format-standard","hentry","category-blog","category-diritti","category-media","tag-blog","tag-intercettazioni"],"_links":{"self":[{"href":"https:\/\/www.pasteris.it\/blog\/wp-json\/wp\/v2\/posts\/19788","targetHints":{"allow":["GET"]}}],"collection":[{"href":"https:\/\/www.pasteris.it\/blog\/wp-json\/wp\/v2\/posts"}],"about":[{"href":"https:\/\/www.pasteris.it\/blog\/wp-json\/wp\/v2\/types\/post"}],"author":[{"embeddable":true,"href":"https:\/\/www.pasteris.it\/blog\/wp-json\/wp\/v2\/users\/3"}],"replies":[{"embeddable":true,"href":"https:\/\/www.pasteris.it\/blog\/wp-json\/wp\/v2\/comments?post=19788"}],"version-history":[{"count":3,"href":"https:\/\/www.pasteris.it\/blog\/wp-json\/wp\/v2\/posts\/19788\/revisions"}],"predecessor-version":[{"id":19790,"href":"https:\/\/www.pasteris.it\/blog\/wp-json\/wp\/v2\/posts\/19788\/revisions\/19790"}],"wp:attachment":[{"href":"https:\/\/www.pasteris.it\/blog\/wp-json\/wp\/v2\/media?parent=19788"}],"wp:term":[{"taxonomy":"category","embeddable":true,"href":"https:\/\/www.pasteris.it\/blog\/wp-json\/wp\/v2\/categories?post=19788"},{"taxonomy":"post_tag","embeddable":true,"href":"https:\/\/www.pasteris.it\/blog\/wp-json\/wp\/v2\/tags?post=19788"}],"curies":[{"name":"wp","href":"https:\/\/api.w.org\/{rel}","templated":true}]}}