{"id":19814,"date":"2010-06-18T14:38:47","date_gmt":"2010-06-18T12:38:47","guid":{"rendered":"http:\/\/www.pasteris.it\/blog\/?p=19814"},"modified":"2010-06-18T14:38:47","modified_gmt":"2010-06-18T12:38:47","slug":"i-giornalisti-in-parlamento-e-la-legge-bavaglio","status":"publish","type":"post","link":"https:\/\/www.pasteris.it\/blog\/2010\/06\/18\/i-giornalisti-in-parlamento-e-la-legge-bavaglio\/","title":{"rendered":"I giornalisti in Parlamento e la legge bavaglio"},"content":{"rendered":"<p><a href=\"http:\/\/www.nuovasocieta.it\/editoriali\/6358-l-ordine-censuri-ii-giornalisti-deputati-pro-bavaglio-.html\">Diego Novelli su Nuova Societ\u00e0<\/a><\/p>\n<blockquote><p>Che cosa fa l&#8217;Ordine dei giornalisti nei confronti dei colleghi che  votano in Parlamento per una legge che impedisce di svolgere la  professione giornalistica? Mi rivolgo al consiglio dell&#8217;Ordine del  Piemonte, in primis, che faccia un passo rispetto al nazionale perch\u00e8  siano presi provvedimenti (sospensione o un ordine del gionro di  biasimo), si dica qualcosa ai colleghi, anche loro iscritti, che siedono  in Parlamento e permettono che passi la legge bavaglio.<\/p>\n<p>Sono norme  che ci impediscono di lavorare, di svolgere la nostra professione. Come  si pu\u00f2 restare iscritti ad un Ordine che dovrebbe tutelare i  giornalisti, garantire, difendere la libert\u00e0 d&#8217;informazione? Sono  iscritto all&#8217;Ordine da quando \u00e8 stato istituito, ma in realt\u00e0 gi\u00e0 facevo  questo mestiere da prima. E ora mi chiedo come posso stare in un Ordine  dove sta anche chi vota delle norme che sono contro di noi, contro la  nostra professione, violando non solo e non tanto un nostro diritto, ma  anche quello dei cittadini.<\/p><\/blockquote>\n","protected":false},"excerpt":{"rendered":"<p>Diego Novelli su Nuova Societ\u00e0 Che cosa fa l&#8217;Ordine dei giornalisti nei confronti dei colleghi che votano in Parlamento per una legge che impedisce di svolgere la professione giornalistica? Mi rivolgo al consiglio dell&#8217;Ordine del Piemonte, in primis, che faccia un passo rispetto al nazionale perch\u00e8 siano presi provvedimenti (sospensione o un ordine del gionro &#8230; <a title=\"I giornalisti in Parlamento e la legge bavaglio\" class=\"read-more\" href=\"https:\/\/www.pasteris.it\/blog\/2010\/06\/18\/i-giornalisti-in-parlamento-e-la-legge-bavaglio\/\" aria-label=\"Per saperne di pi\u00f9 su I giornalisti in Parlamento e la legge bavaglio\">Leggi tutto<\/a><\/p>\n","protected":false},"author":3,"featured_media":0,"comment_status":"open","ping_status":"open","sticky":false,"template":"","format":"standard","meta":{"footnotes":""},"categories":[11,30,32],"tags":[1383,255,267],"class_list":["post-19814","post","type-post","status-publish","format-standard","hentry","category-diritti","category-media","category-pensieri","tag-novelli","tag-ordine-giornalisti","tag-piemonte"],"_links":{"self":[{"href":"https:\/\/www.pasteris.it\/blog\/wp-json\/wp\/v2\/posts\/19814","targetHints":{"allow":["GET"]}}],"collection":[{"href":"https:\/\/www.pasteris.it\/blog\/wp-json\/wp\/v2\/posts"}],"about":[{"href":"https:\/\/www.pasteris.it\/blog\/wp-json\/wp\/v2\/types\/post"}],"author":[{"embeddable":true,"href":"https:\/\/www.pasteris.it\/blog\/wp-json\/wp\/v2\/users\/3"}],"replies":[{"embeddable":true,"href":"https:\/\/www.pasteris.it\/blog\/wp-json\/wp\/v2\/comments?post=19814"}],"version-history":[{"count":2,"href":"https:\/\/www.pasteris.it\/blog\/wp-json\/wp\/v2\/posts\/19814\/revisions"}],"predecessor-version":[{"id":19816,"href":"https:\/\/www.pasteris.it\/blog\/wp-json\/wp\/v2\/posts\/19814\/revisions\/19816"}],"wp:attachment":[{"href":"https:\/\/www.pasteris.it\/blog\/wp-json\/wp\/v2\/media?parent=19814"}],"wp:term":[{"taxonomy":"category","embeddable":true,"href":"https:\/\/www.pasteris.it\/blog\/wp-json\/wp\/v2\/categories?post=19814"},{"taxonomy":"post_tag","embeddable":true,"href":"https:\/\/www.pasteris.it\/blog\/wp-json\/wp\/v2\/tags?post=19814"}],"curies":[{"name":"wp","href":"https:\/\/api.w.org\/{rel}","templated":true}]}}