{"id":19834,"date":"2010-06-20T00:12:52","date_gmt":"2010-06-19T22:12:52","guid":{"rendered":"http:\/\/www.pasteris.it\/blog\/?p=19834"},"modified":"2010-06-20T00:12:52","modified_gmt":"2010-06-19T22:12:52","slug":"il-40-fatica-a-quadrare-i-conti","status":"publish","type":"post","link":"https:\/\/www.pasteris.it\/blog\/2010\/06\/20\/il-40-fatica-a-quadrare-i-conti\/","title":{"rendered":"Il 40% fatica a quadrare i conti"},"content":{"rendered":"<p><a href=\"http:\/\/www3.lastampa.it\/torino\/sezioni\/economia\/articolo\/lstp\/249372\/\">Marina Cassi via Lastampa.it<\/a><\/p>\n<blockquote><p>Meno pessimisti, ma ancora molto preoccupati. I piemontesi hanno pagato  duramente la crisi scoppiata a fine 2008 e a febbraio di quest\u2019anno &#8211;  quando l\u2019Ires Piemonte, ha effettuato l\u2019abituale ricerca su clima di  opinione per preparare l\u2019annuale rapporto &#8211; la percezione della morsa si  era un po\u2019 allentata. Oggi, forse, dicono i ricercatori potrebbe essere  di nuovo un po\u2019 peggiorata.<\/p>\n<p>A pensare che la situazione  economica della propria famiglia migliorer\u00e0 nei prossimi 12 mesi era a  febbraio il 15%, meno del 25% che ritiene sicuro un peggioramento. La  forbice, per\u00f2, si \u00e8 ridotta rispetto allo scorso anno passando da un  meno 29,8% a un meno 9,9. Per gli altri, ovviamente, tutto rimarr\u00e0  com\u2019\u00e8. Ma \u00e8 una situazione non esaltante: il 40% delle famiglie  piemontesi dichiara di \u00abquadrare appena il bilancio\u00bb. Il 22% deve fare  debiti per andare avanti o prelevare dalle riserve famigliari.  Naturalmente, e come sempre, c\u2019\u00e8 il 34,5 che ancora riesce a  risparmiare; una vocazione al risparmio quella piemontese che si  mantiene e si rafforza persino in periodi di crisi grazie anche al fatto  che qui, comunque, la media di famiglie povere \u00e8 sotto la media  nazionale, anche se superiore a quella del Nord-Ovest.<\/p><\/blockquote>\n","protected":false},"excerpt":{"rendered":"<p>Marina Cassi via Lastampa.it Meno pessimisti, ma ancora molto preoccupati. I piemontesi hanno pagato duramente la crisi scoppiata a fine 2008 e a febbraio di quest\u2019anno &#8211; quando l\u2019Ires Piemonte, ha effettuato l\u2019abituale ricerca su clima di opinione per preparare l\u2019annuale rapporto &#8211; la percezione della morsa si era un po\u2019 allentata. Oggi, forse, dicono &#8230; <a title=\"Il 40% fatica a quadrare i conti\" class=\"read-more\" href=\"https:\/\/www.pasteris.it\/blog\/2010\/06\/20\/il-40-fatica-a-quadrare-i-conti\/\" aria-label=\"Per saperne di pi\u00f9 su Il 40% fatica a quadrare i conti\">Leggi tutto<\/a><\/p>\n","protected":false},"author":3,"featured_media":0,"comment_status":"open","ping_status":"open","sticky":false,"template":"","format":"standard","meta":{"footnotes":""},"categories":[17,14],"tags":[379,2160,267],"class_list":["post-19834","post","type-post","status-publish","format-standard","hentry","category-economia","category-torino","tag-crisi","tag-torino","tag-piemonte"],"_links":{"self":[{"href":"https:\/\/www.pasteris.it\/blog\/wp-json\/wp\/v2\/posts\/19834","targetHints":{"allow":["GET"]}}],"collection":[{"href":"https:\/\/www.pasteris.it\/blog\/wp-json\/wp\/v2\/posts"}],"about":[{"href":"https:\/\/www.pasteris.it\/blog\/wp-json\/wp\/v2\/types\/post"}],"author":[{"embeddable":true,"href":"https:\/\/www.pasteris.it\/blog\/wp-json\/wp\/v2\/users\/3"}],"replies":[{"embeddable":true,"href":"https:\/\/www.pasteris.it\/blog\/wp-json\/wp\/v2\/comments?post=19834"}],"version-history":[{"count":2,"href":"https:\/\/www.pasteris.it\/blog\/wp-json\/wp\/v2\/posts\/19834\/revisions"}],"predecessor-version":[{"id":19836,"href":"https:\/\/www.pasteris.it\/blog\/wp-json\/wp\/v2\/posts\/19834\/revisions\/19836"}],"wp:attachment":[{"href":"https:\/\/www.pasteris.it\/blog\/wp-json\/wp\/v2\/media?parent=19834"}],"wp:term":[{"taxonomy":"category","embeddable":true,"href":"https:\/\/www.pasteris.it\/blog\/wp-json\/wp\/v2\/categories?post=19834"},{"taxonomy":"post_tag","embeddable":true,"href":"https:\/\/www.pasteris.it\/blog\/wp-json\/wp\/v2\/tags?post=19834"}],"curies":[{"name":"wp","href":"https:\/\/api.w.org\/{rel}","templated":true}]}}