{"id":19909,"date":"2010-06-23T13:15:55","date_gmt":"2010-06-23T11:15:55","guid":{"rendered":"http:\/\/www.pasteris.it\/blog\/?p=19909"},"modified":"2010-06-23T13:19:18","modified_gmt":"2010-06-23T11:19:18","slug":"citroen-e-surgenia-insieme-per-lauto-elettrica","status":"publish","type":"post","link":"https:\/\/www.pasteris.it\/blog\/2010\/06\/23\/citroen-e-surgenia-insieme-per-lauto-elettrica\/","title":{"rendered":"Citroen e Sorgenia insieme per l&#8217;auto elettrica"},"content":{"rendered":"<p><a href=\"http:\/\/www.motori24.ilsole24ore.com\/Tecnologia\/2010\/06\/peugeot-sorgenia-insieme-auto-elettrica.php\">Via ilSole24Ore<\/a><\/p>\n<blockquote><p>Importante accordo fra Peugeot e Sorgenia. Le due societ\u00e0 hanno  sottoscritto una lettera d&#8217;intenti finalizzata allo sviluppo della  mobilit\u00e0 elettrica in Italia. L&#8217;accordo che prevede la creazione di un  gruppo di lavoro congiunto che definir\u00e0, entro la fine dell&#8217;anno, le  soluzioni infrastrutturali, commerciali e di servizio per agevolare la  diffusione dei veicoli elettrici, ma anche la realizzazione di sistemi  di ricarica a loro dedicati.<br \/>\nProprio alla fine del 2010 \u00e8 previsto il  lancio sul mercato della citycar <a href=\"http:\/\/ion.peugeot.it\/\">iOn<\/a>, la piccola elettrica Peugeot che \u00e8  la &#8220;gemella&#8221; della Citroen C-Zero, entrambe &#8220;figlie&#8221; della Mitsubishi  i-MiEV. Tutti modelli con un&#8217;autonomia dichiarata di 150 km che saranno,  dunque, in grado di soddisfare gli spostamenti quotidiani del 90% degli  automobilisti italiani.<\/p><\/blockquote>\n","protected":false},"excerpt":{"rendered":"<p>Via ilSole24Ore Importante accordo fra Peugeot e Sorgenia. Le due societ\u00e0 hanno sottoscritto una lettera d&#8217;intenti finalizzata allo sviluppo della mobilit\u00e0 elettrica in Italia. L&#8217;accordo che prevede la creazione di un gruppo di lavoro congiunto che definir\u00e0, entro la fine dell&#8217;anno, le soluzioni infrastrutturali, commerciali e di servizio per agevolare la diffusione dei veicoli elettrici, &#8230; <a title=\"Citroen e Sorgenia insieme per l&#8217;auto elettrica\" class=\"read-more\" href=\"https:\/\/www.pasteris.it\/blog\/2010\/06\/23\/citroen-e-surgenia-insieme-per-lauto-elettrica\/\" aria-label=\"Per saperne di pi\u00f9 su Citroen e Sorgenia insieme per l&#8217;auto elettrica\">Leggi tutto<\/a><\/p>\n","protected":false},"author":3,"featured_media":0,"comment_status":"open","ping_status":"open","sticky":false,"template":"","format":"standard","meta":{"footnotes":""},"categories":[49,17,15,19],"tags":[662,528],"class_list":["post-19909","post","type-post","status-publish","format-standard","hentry","category-ambiente","category-economia","category-mobile","category-tecnologia","tag-auto-elettrica","tag-energia"],"_links":{"self":[{"href":"https:\/\/www.pasteris.it\/blog\/wp-json\/wp\/v2\/posts\/19909","targetHints":{"allow":["GET"]}}],"collection":[{"href":"https:\/\/www.pasteris.it\/blog\/wp-json\/wp\/v2\/posts"}],"about":[{"href":"https:\/\/www.pasteris.it\/blog\/wp-json\/wp\/v2\/types\/post"}],"author":[{"embeddable":true,"href":"https:\/\/www.pasteris.it\/blog\/wp-json\/wp\/v2\/users\/3"}],"replies":[{"embeddable":true,"href":"https:\/\/www.pasteris.it\/blog\/wp-json\/wp\/v2\/comments?post=19909"}],"version-history":[{"count":4,"href":"https:\/\/www.pasteris.it\/blog\/wp-json\/wp\/v2\/posts\/19909\/revisions"}],"predecessor-version":[{"id":19913,"href":"https:\/\/www.pasteris.it\/blog\/wp-json\/wp\/v2\/posts\/19909\/revisions\/19913"}],"wp:attachment":[{"href":"https:\/\/www.pasteris.it\/blog\/wp-json\/wp\/v2\/media?parent=19909"}],"wp:term":[{"taxonomy":"category","embeddable":true,"href":"https:\/\/www.pasteris.it\/blog\/wp-json\/wp\/v2\/categories?post=19909"},{"taxonomy":"post_tag","embeddable":true,"href":"https:\/\/www.pasteris.it\/blog\/wp-json\/wp\/v2\/tags?post=19909"}],"curies":[{"name":"wp","href":"https:\/\/api.w.org\/{rel}","templated":true}]}}