{"id":20030,"date":"2010-06-29T14:57:08","date_gmt":"2010-06-29T12:57:08","guid":{"rendered":"http:\/\/www.pasteris.it\/blog\/?p=20030"},"modified":"2010-06-29T14:57:08","modified_gmt":"2010-06-29T12:57:08","slug":"il-laptop-rubato-di-ghedini","status":"publish","type":"post","link":"https:\/\/www.pasteris.it\/blog\/2010\/06\/29\/il-laptop-rubato-di-ghedini\/","title":{"rendered":"Il laptop rubato di Ghedini"},"content":{"rendered":"<p>Sarebbe bello capire che cosa si trova nel portatile (<a href=\"http:\/\/www.corriere.it\/politica\/10_giugno_29\/ghedini-milano-rubato-pc-auto-milano_f404803c-8354-11df-aec8-00144f02aabe.shtml\">via Corriere<\/a>)<\/p>\n<blockquote><p>Il computer portatile di Nicol\u00f2 Ghedini, legale di Silvio Berlusconi,  \u00e8 sparito. Rubato luned\u00ec sera a Milano dall&#8217;auto blindata su cui  viaggia il deputato del Pdl.<\/p>\n<p>L&#8217;episodio \u00e8 riportato dal quotidiano <em>Libero<\/em> ed \u00e8 stato confermato dalla questura. L&#8217;auto era parcheggiata vicino al  Jolly Hotel in largo Augusto: \u00e8 stata scassinata e dal bagagliaio \u00e8  sparito il pc portatile. Contiene carte processuali e importanti  documenti che riguarderebbero anche i procedimenti in cui \u00e8 coinvolto il  premier. La polizia \u00e8 intervenuta intorno alle 20.30, del caso si  occupa la Digos.<\/p><\/blockquote>\n","protected":false},"excerpt":{"rendered":"<p>Sarebbe bello capire che cosa si trova nel portatile (via Corriere) Il computer portatile di Nicol\u00f2 Ghedini, legale di Silvio Berlusconi, \u00e8 sparito. Rubato luned\u00ec sera a Milano dall&#8217;auto blindata su cui viaggia il deputato del Pdl. L&#8217;episodio \u00e8 riportato dal quotidiano Libero ed \u00e8 stato confermato dalla questura. L&#8217;auto era parcheggiata vicino al Jolly &#8230; <a title=\"Il laptop rubato di Ghedini\" class=\"read-more\" href=\"https:\/\/www.pasteris.it\/blog\/2010\/06\/29\/il-laptop-rubato-di-ghedini\/\" aria-label=\"Per saperne di pi\u00f9 su Il laptop rubato di Ghedini\">Leggi tutto<\/a><\/p>\n","protected":false},"author":3,"featured_media":0,"comment_status":"open","ping_status":"open","sticky":false,"template":"","format":"standard","meta":{"footnotes":""},"categories":[33,1],"tags":[2154,192],"class_list":["post-20030","post","type-post","status-publish","format-standard","hentry","category-computer","category-politica","tag-politica","tag-laptop"],"_links":{"self":[{"href":"https:\/\/www.pasteris.it\/blog\/wp-json\/wp\/v2\/posts\/20030","targetHints":{"allow":["GET"]}}],"collection":[{"href":"https:\/\/www.pasteris.it\/blog\/wp-json\/wp\/v2\/posts"}],"about":[{"href":"https:\/\/www.pasteris.it\/blog\/wp-json\/wp\/v2\/types\/post"}],"author":[{"embeddable":true,"href":"https:\/\/www.pasteris.it\/blog\/wp-json\/wp\/v2\/users\/3"}],"replies":[{"embeddable":true,"href":"https:\/\/www.pasteris.it\/blog\/wp-json\/wp\/v2\/comments?post=20030"}],"version-history":[{"count":2,"href":"https:\/\/www.pasteris.it\/blog\/wp-json\/wp\/v2\/posts\/20030\/revisions"}],"predecessor-version":[{"id":20032,"href":"https:\/\/www.pasteris.it\/blog\/wp-json\/wp\/v2\/posts\/20030\/revisions\/20032"}],"wp:attachment":[{"href":"https:\/\/www.pasteris.it\/blog\/wp-json\/wp\/v2\/media?parent=20030"}],"wp:term":[{"taxonomy":"category","embeddable":true,"href":"https:\/\/www.pasteris.it\/blog\/wp-json\/wp\/v2\/categories?post=20030"},{"taxonomy":"post_tag","embeddable":true,"href":"https:\/\/www.pasteris.it\/blog\/wp-json\/wp\/v2\/tags?post=20030"}],"curies":[{"name":"wp","href":"https:\/\/api.w.org\/{rel}","templated":true}]}}