{"id":20277,"date":"2010-07-13T08:52:22","date_gmt":"2010-07-13T06:52:22","guid":{"rendered":"http:\/\/www.pasteris.it\/blog\/?p=20277"},"modified":"2010-07-13T06:22:33","modified_gmt":"2010-07-13T04:22:33","slug":"i-della-valle-chiedono-500-mila-euro-di-risarcimento-per-un-articolo-su-fiorentina-it","status":"publish","type":"post","link":"https:\/\/www.pasteris.it\/blog\/2010\/07\/13\/i-della-valle-chiedono-500-mila-euro-di-risarcimento-per-un-articolo-su-fiorentina-it\/","title":{"rendered":"I Della Valle chiedono 500 mila euro di risarcimento per un articolo su Fiorentina.it"},"content":{"rendered":"<p><a href=\"http:\/\/www.fnsi.it\/Esterne\/Pag_vedinews.asp?AKey=11959\">Via FNSI<\/a><\/p>\n<blockquote><p>Sconcerto e allarme da parte dell&#8217; Ordine dei Giornalisti della Toscana per la vicenda che ha coinvolto il giornalista fiorentino <a href=\"http:\/\/www.facebook.com\/stefano.prizio\">Stefano Prizio<\/a>, colpito da una richiesta di risarcimento danni da 500mila euro da parte dei fratelli Diego e Andrea Della Valle, azionisti di maggioranza della Fiorentina.<br \/>\nEsprimo sconcerto &#8211; scrive in una nota Carlo Bartoli, presidente dell&#8217;Odg della Toscana &#8211; per la richiesta di 500 mila<br \/>\neuro presentata dai Della Valle nei confronti di un giornalista colpevole, a loro dire, di aver espresso la propria opinione sulle scelte della famiglia, ed esprimo vivissimo allarme per la decisione <a href=\"http:\/\/it.wikipedia.org\/wiki\/Fiorentina.it\">del sito internet<\/a><a href=\"http:\/\/www.fiorentina.it\/\"> fiorentina.it<\/a> di estromettere il collega. In merito alla richiesta di risarcimento danni &#8211; \u00e8 la conclusione del presidente dell&#8217;Odg Toscana &#8211; decidono gli organi competenti, ma la giustizia sommaria dell&#8217;editore non \u00e8 n\u00e8 ammessa n\u00e8 ammissibile.<\/p>\n<p><!--more--><br \/>\nAlla base della richiesta danni da parte dei Della Valle ci sono alcune opinioni espresse da Prizio in un articolo<br \/>\npubblicato su fiorentina.it il 27 marzo scorso, che avrebbero eccessivamente colpito la societ\u00e0 e in particolare il progetto della Cittadella Viola, argomento trattato dal giornalista con toni ironici. In precedenza Prizio era anche stato dequalificato dai vertici della sua testata.<\/p>\n<p>In merito alla vicenda si \u00e8 espressa anche l&#8217;assemblea dei redattori di fiorentina.it: &#8220;Esprimiamo la totale e<br \/>\nincondizionata solidariet\u00e0 umana e professionale al collega Stefano Prizio. Pur volendosi astenere dall&#8217;esprimere ogni genere di giudizio sulla fondatezza delle richieste dei signori Della Valle, ci sentiamo in dovere di osservare come il comportamento del collega sia sempre stato improntato a criteri di assoluta correttezza professionale nel rispetto del diritto di cronaca sancito dall&#8217;articolo 21 della Costituzione.<br \/>\nIntanto a sostegno del giornalista si \u00e8 mosso anche il popolo di Facebook. Sulla pagine personale di Prizio sono<br \/>\ncomparsi numerossimi attestati di solidariet\u2026. E&#8217; nato anche un gruppo dal nome &#8220;<a href=\"http:\/\/www.facebook.com\/pages\/CON-STEFANO-PRIZIO-E-PIPPO-RUSSO-IN-DIFESA-DELLA-LIBERTA-DI-STAMPA\/128654340507696\">Con Stefano Prizio e Pippo Russo in difesa della libert\u00e0 di stampa<\/a>&#8220;, che ha gi\u00e0 ricevuto il supporto di 350 persone.<\/p><\/blockquote>\n","protected":false},"excerpt":{"rendered":"<p>Via FNSI Sconcerto e allarme da parte dell&#8217; Ordine dei Giornalisti della Toscana per la vicenda che ha coinvolto il giornalista fiorentino Stefano Prizio, colpito da una richiesta di risarcimento danni da 500mila euro da parte dei fratelli Diego e Andrea Della Valle, azionisti di maggioranza della Fiorentina. Esprimo sconcerto &#8211; scrive in una nota &#8230; <a title=\"I Della Valle chiedono 500 mila euro di risarcimento per un articolo su Fiorentina.it\" class=\"read-more\" href=\"https:\/\/www.pasteris.it\/blog\/2010\/07\/13\/i-della-valle-chiedono-500-mila-euro-di-risarcimento-per-un-articolo-su-fiorentina-it\/\" aria-label=\"Per saperne di pi\u00f9 su I Della Valle chiedono 500 mila euro di risarcimento per un articolo su Fiorentina.it\">Leggi tutto<\/a><\/p>\n","protected":false},"author":3,"featured_media":0,"comment_status":"open","ping_status":"open","sticky":false,"template":"","format":"standard","meta":{"footnotes":""},"categories":[11,6,9],"tags":[159,161,2155],"class_list":["post-20277","post","type-post","status-publish","format-standard","hentry","category-diritti","category-internet","category-sport","tag-giornali","tag-giornalisti","tag-internet"],"_links":{"self":[{"href":"https:\/\/www.pasteris.it\/blog\/wp-json\/wp\/v2\/posts\/20277","targetHints":{"allow":["GET"]}}],"collection":[{"href":"https:\/\/www.pasteris.it\/blog\/wp-json\/wp\/v2\/posts"}],"about":[{"href":"https:\/\/www.pasteris.it\/blog\/wp-json\/wp\/v2\/types\/post"}],"author":[{"embeddable":true,"href":"https:\/\/www.pasteris.it\/blog\/wp-json\/wp\/v2\/users\/3"}],"replies":[{"embeddable":true,"href":"https:\/\/www.pasteris.it\/blog\/wp-json\/wp\/v2\/comments?post=20277"}],"version-history":[{"count":4,"href":"https:\/\/www.pasteris.it\/blog\/wp-json\/wp\/v2\/posts\/20277\/revisions"}],"predecessor-version":[{"id":20279,"href":"https:\/\/www.pasteris.it\/blog\/wp-json\/wp\/v2\/posts\/20277\/revisions\/20279"}],"wp:attachment":[{"href":"https:\/\/www.pasteris.it\/blog\/wp-json\/wp\/v2\/media?parent=20277"}],"wp:term":[{"taxonomy":"category","embeddable":true,"href":"https:\/\/www.pasteris.it\/blog\/wp-json\/wp\/v2\/categories?post=20277"},{"taxonomy":"post_tag","embeddable":true,"href":"https:\/\/www.pasteris.it\/blog\/wp-json\/wp\/v2\/tags?post=20277"}],"curies":[{"name":"wp","href":"https:\/\/api.w.org\/{rel}","templated":true}]}}