{"id":20288,"date":"2010-07-13T11:09:55","date_gmt":"2010-07-13T09:09:55","guid":{"rendered":"http:\/\/www.pasteris.it\/blog\/?p=20288"},"modified":"2010-07-13T11:16:52","modified_gmt":"2010-07-13T09:16:52","slug":"anche-la-stampa-arriva-con-la-sua-ipad-edition","status":"publish","type":"post","link":"https:\/\/www.pasteris.it\/blog\/2010\/07\/13\/anche-la-stampa-arriva-con-la-sua-ipad-edition\/","title":{"rendered":"Anche La Stampa arriva con la sua Ipad Edition"},"content":{"rendered":"<p><a href=\"http:\/\/www.lastampa.it\/_web\/cmstp\/tmplrubriche\/tecnologia\/grubrica.asp?ID_blog=30&amp;ID_articolo=7840&amp;ID_sezione=38&amp;sezione=\">Bruno Ruffilli su LaStampa.it<\/a><\/p>\n<blockquote><p>\u00abLa Stampa iPad Edition\u00bb \u00e8 una delle undicimila applicazioni sviluppate  apposta per la nuova invenzione di Steve Jobs. I giornali sono molti, la  maggior parte americani, visto che negli Usa l\u2019iPad \u00e8 arrivato prima,  all\u2019inizio di aprile: ci sono \u00abThe Wall Street Journal\u00bb e \u00abThe New York  Times\u00bb, ma pure \u00abPopular Mechanics\u00bb e \u00abWired\u00bb. In Italia i maggiori  quotidiani e magazine sono presenti sull\u2019App Store e molti sono  gratuiti; in questa fase iniziale lo \u00e8 anche \u00abLa Stampa iPad Edition\u00bb,  grazie a quattro sponsor. Ma pochissimi sono quelli studiati apposta per  il display da 9,7 pollici del nuovo gadget di Apple: quasi tutti hanno  scelto di riproporre la grafica del giornale di carta, arricchendola  occasionalmente di video e immagini. La Stampa, invece, \u00e8 tutta nuova:  dai caratteri all&#8217;impaginazione, dalla divisione in sezioni ai contenuti  multimediali. Non \u00e8 un sito web, ma si aggiorna tre volte al giorno,  pur conservando la leggibilit\u00e0 e la struttura del giornale.<\/p><\/blockquote>\n<p>UPDATE: ora \u00e8 anche disponibile la versione <a href=\"http:\/\/www.ilsole24ore.com\/st\/ipad\/\">Ipad del Sole24Ore<\/a><\/p>\n","protected":false},"excerpt":{"rendered":"<p>Bruno Ruffilli su LaStampa.it \u00abLa Stampa iPad Edition\u00bb \u00e8 una delle undicimila applicazioni sviluppate apposta per la nuova invenzione di Steve Jobs. I giornali sono molti, la maggior parte americani, visto che negli Usa l\u2019iPad \u00e8 arrivato prima, all\u2019inizio di aprile: ci sono \u00abThe Wall Street Journal\u00bb e \u00abThe New York Times\u00bb, ma pure \u00abPopular &#8230; <a title=\"Anche La Stampa arriva con la sua Ipad Edition\" class=\"read-more\" href=\"https:\/\/www.pasteris.it\/blog\/2010\/07\/13\/anche-la-stampa-arriva-con-la-sua-ipad-edition\/\" aria-label=\"Per saperne di pi\u00f9 su Anche La Stampa arriva con la sua Ipad Edition\">Leggi tutto<\/a><\/p>\n","protected":false},"author":3,"featured_media":0,"comment_status":"open","ping_status":"open","sticky":false,"template":"","format":"standard","meta":{"footnotes":""},"categories":[30,14],"tags":[1236,193],"class_list":["post-20288","post","type-post","status-publish","format-standard","hentry","category-media","category-torino","tag-ipad","tag-lastampa"],"_links":{"self":[{"href":"https:\/\/www.pasteris.it\/blog\/wp-json\/wp\/v2\/posts\/20288","targetHints":{"allow":["GET"]}}],"collection":[{"href":"https:\/\/www.pasteris.it\/blog\/wp-json\/wp\/v2\/posts"}],"about":[{"href":"https:\/\/www.pasteris.it\/blog\/wp-json\/wp\/v2\/types\/post"}],"author":[{"embeddable":true,"href":"https:\/\/www.pasteris.it\/blog\/wp-json\/wp\/v2\/users\/3"}],"replies":[{"embeddable":true,"href":"https:\/\/www.pasteris.it\/blog\/wp-json\/wp\/v2\/comments?post=20288"}],"version-history":[{"count":3,"href":"https:\/\/www.pasteris.it\/blog\/wp-json\/wp\/v2\/posts\/20288\/revisions"}],"predecessor-version":[{"id":20290,"href":"https:\/\/www.pasteris.it\/blog\/wp-json\/wp\/v2\/posts\/20288\/revisions\/20290"}],"wp:attachment":[{"href":"https:\/\/www.pasteris.it\/blog\/wp-json\/wp\/v2\/media?parent=20288"}],"wp:term":[{"taxonomy":"category","embeddable":true,"href":"https:\/\/www.pasteris.it\/blog\/wp-json\/wp\/v2\/categories?post=20288"},{"taxonomy":"post_tag","embeddable":true,"href":"https:\/\/www.pasteris.it\/blog\/wp-json\/wp\/v2\/tags?post=20288"}],"curies":[{"name":"wp","href":"https:\/\/api.w.org\/{rel}","templated":true}]}}