{"id":20422,"date":"2010-07-21T12:40:21","date_gmt":"2010-07-21T10:40:21","guid":{"rendered":"http:\/\/www.pasteris.it\/blog\/?p=20422"},"modified":"2010-07-21T12:40:21","modified_gmt":"2010-07-21T10:40:21","slug":"laurea-ad-personam","status":"publish","type":"post","link":"https:\/\/www.pasteris.it\/blog\/2010\/07\/21\/laurea-ad-personam\/","title":{"rendered":"Laurea ad personam"},"content":{"rendered":"<p><a href=\"http:\/\/milano.repubblica.it\/cronaca\/2010\/07\/20\/news\/quella_cerimonia_per_barbara_berlusconi_ha_offeso_noi_professori_e_i_nostri_studenti-5717947\/\">Scrive Roberta De Monticelli<\/a> docente dell\u2019Universit\u00e0 Vita Salute San Raffaele<\/p>\n<blockquote><p>Insegno filosofia della persona alla facolt\u00e0 di Filosofia  dell\u2019Universit\u00e0 Vita Salute San Raffaele. Scrivo queste righe per dire:  non in mio nome. Non \u00e8\u00a0 certamente\u00a0 in mio nome che il nostro rettore,  don Luigi Verz\u00e9, intervenendo come \u00e8 suo diritto alla cerimonia delle  proclamazioni delle lauree, si \u00e8 rivolta alla sola candidata Barbara  Berlusconi, che giungeva a conclusione del suo percorso triennale,  chiedendole se riteneva che potesse nascere una facolt\u00e0 di Economia del  San Raffaele basata sul pensiero dell\u2019autore sul quale verteva la sua  tesi (Amartya Sen), e invitandola a diventare docente di questa  Universit\u00e0, in presenza del presidente del Consiglio, il quale assisteva  alla cerimonia.<br \/>\n<a href=\"http:\/\/milano.repubblica.it\/cronaca\/2010\/07\/20\/foto\/barbara_berlusconi_laurea_con_110_e_lode-5709364\/1\/\"><strong><\/strong><\/a><br \/>\nIntendo  dissociarmi apertamente e pubblicamente da questa che ritengo una  violazione non solo del principio della pari dignit\u00e0 formale degli  studenti, non solo della forma e della sostanza di un atto pubblico  quale una proclamazione di laurea, non solo della dignit\u00e0 di un corpo  docente che il rettore dovrebbe rappresentare, ma anche dei requisiti  etici di una istituzione universitaria d\u2019eccellenza quale l\u2019Universit\u00e0  San Raffaele giustamente aspira a essere.<\/p><\/blockquote>\n","protected":false},"excerpt":{"rendered":"<p>Scrive Roberta De Monticelli docente dell\u2019Universit\u00e0 Vita Salute San Raffaele Insegno filosofia della persona alla facolt\u00e0 di Filosofia dell\u2019Universit\u00e0 Vita Salute San Raffaele. Scrivo queste righe per dire: non in mio nome. Non \u00e8\u00a0 certamente\u00a0 in mio nome che il nostro rettore, don Luigi Verz\u00e9, intervenendo come \u00e8 suo diritto alla cerimonia delle proclamazioni delle &#8230; <a title=\"Laurea ad personam\" class=\"read-more\" href=\"https:\/\/www.pasteris.it\/blog\/2010\/07\/21\/laurea-ad-personam\/\" aria-label=\"Per saperne di pi\u00f9 su Laurea ad personam\">Leggi tutto<\/a><\/p>\n","protected":false},"author":3,"featured_media":0,"comment_status":"open","ping_status":"open","sticky":false,"template":"","format":"standard","meta":{"footnotes":""},"categories":[11,32],"tags":[69,348],"class_list":["post-20422","post","type-post","status-publish","format-standard","hentry","category-diritti","category-pensieri","tag-berlusconi","tag-universita"],"_links":{"self":[{"href":"https:\/\/www.pasteris.it\/blog\/wp-json\/wp\/v2\/posts\/20422","targetHints":{"allow":["GET"]}}],"collection":[{"href":"https:\/\/www.pasteris.it\/blog\/wp-json\/wp\/v2\/posts"}],"about":[{"href":"https:\/\/www.pasteris.it\/blog\/wp-json\/wp\/v2\/types\/post"}],"author":[{"embeddable":true,"href":"https:\/\/www.pasteris.it\/blog\/wp-json\/wp\/v2\/users\/3"}],"replies":[{"embeddable":true,"href":"https:\/\/www.pasteris.it\/blog\/wp-json\/wp\/v2\/comments?post=20422"}],"version-history":[{"count":2,"href":"https:\/\/www.pasteris.it\/blog\/wp-json\/wp\/v2\/posts\/20422\/revisions"}],"predecessor-version":[{"id":20424,"href":"https:\/\/www.pasteris.it\/blog\/wp-json\/wp\/v2\/posts\/20422\/revisions\/20424"}],"wp:attachment":[{"href":"https:\/\/www.pasteris.it\/blog\/wp-json\/wp\/v2\/media?parent=20422"}],"wp:term":[{"taxonomy":"category","embeddable":true,"href":"https:\/\/www.pasteris.it\/blog\/wp-json\/wp\/v2\/categories?post=20422"},{"taxonomy":"post_tag","embeddable":true,"href":"https:\/\/www.pasteris.it\/blog\/wp-json\/wp\/v2\/tags?post=20422"}],"curies":[{"name":"wp","href":"https:\/\/api.w.org\/{rel}","templated":true}]}}