{"id":20483,"date":"2010-07-25T07:16:44","date_gmt":"2010-07-25T05:16:44","guid":{"rendered":"http:\/\/www.pasteris.it\/blog\/?p=20483"},"modified":"2010-07-24T21:37:05","modified_gmt":"2010-07-24T19:37:05","slug":"riscostruito-a-rondissone-il-ponte-per-raddrizzare-una-curva-che-era-dritta","status":"publish","type":"post","link":"https:\/\/www.pasteris.it\/blog\/2010\/07\/25\/riscostruito-a-rondissone-il-ponte-per-raddrizzare-una-curva-che-era-dritta\/","title":{"rendered":"Riscostruito a Rondissone il ponte per raddrizzare una curva che era dritta"},"content":{"rendered":"<p>Finalmente <a href=\"http:\/\/www.pasteris.it\/blog\/2009\/11\/16\/le-curve-si-raddrizzano-anche-a-rondissone\/\">dopo dieci anni<\/a> l<a href=\"http:\/\/www.provincia.torino.it\/opere_viabilita\/2010\/luglio\/ponte_rondissone\/\">a strada \u00e8 ritornata dritta dopo Rondissone<\/a>, <a href=\"http:\/\/www.pasteris.it\/blog\/2008\/02\/02\/raddrizzare-una-curva-che-era-dritta\/\">facendo sparire una pericolosissima chicane su una strada ad alto scorrimento.<\/a><\/p>\n<p><object classid=\"clsid:d27cdb6e-ae6d-11cf-96b8-444553540000\" width=\"480\" height=\"385\" codebase=\"http:\/\/download.macromedia.com\/pub\/shockwave\/cabs\/flash\/swflash.cab#version=6,0,40,0\"><param name=\"allowFullScreen\" value=\"true\" \/><param name=\"allowscriptaccess\" value=\"always\" \/><param name=\"src\" value=\"http:\/\/www.youtube.com\/v\/OwLqEzNB5Zs&amp;hl=it_IT&amp;fs=1?rel=0&amp;color1=0x3a3a3a&amp;color2=0x999999\" \/><param name=\"allowfullscreen\" value=\"true\" \/><embed type=\"application\/x-shockwave-flash\" width=\"480\" height=\"385\" src=\"http:\/\/www.youtube.com\/v\/OwLqEzNB5Zs&amp;hl=it_IT&amp;fs=1?rel=0&amp;color1=0x3a3a3a&amp;color2=0x999999\" allowscriptaccess=\"always\" allowfullscreen=\"true\"><\/embed><\/object><br \/>\n<!--more--><br \/>\n<a href=\"http:\/\/www.localport.it\/eventi\/notizie\/notizie_espansa.asp?N=63270\">Via Localport<\/a><\/p>\n<blockquote><p>Viene inaugurato questa mattina, venerd\u00ec 23, alle 11, il nuovo ponte di Rondissone sulla Roggia Natta, al chilometro 33 della strada provinciale 11, che collega la provincia di Torino al vercellese. Un\u2019opera attesa da lungo tempo, da quando il ponte croll\u00f2 nell\u2019ottobre del 2000, durante l\u2019alluvione che mise in ginocchio il Piemonte. Ci sono voluti dieci anni per ricostruire un ponte che, sostituito nei giorni immediatamente seguenti il crollo da una variante ad \u201cesse\u201d, si trova su una delle arterie di comunicazione pi\u00f9 trafficate della nostro territorio.<\/p>\n<p>Nel corso di questi anni, agli enti preposti sono arrivate costantemente le sollecitazioni dei sindaci di Rondissone, Maurizio Martin prima e Franco Lomater dopo, e dei politici di riferimento del territorio, in particolare del consigliere provinciale, oggi consigliere regionale, Roberto Tentoni, che negli ultimi anni aveva preso a cuore la questione, insieme al collega Mario Corsato. La realizzazione dell\u2019opera si \u00e8 trascinata nel tempo perch\u00e9 la sua ricostruzione \u00e8 \u201cincappata\u201d in un susseguirsi di passaggi di competenze, dall\u2019Anas alla Regione, quindi alla Provincia; quest\u2019ultima, ha effettivamente realizzato l\u2019opera nell\u2019arco di breve tempo, considerando che i lavori erano iniziati nell\u2019autunno scorso. Resta il rammarico per le persone coinvolte nei numerosi incidenti che hanno avuto luogo proprio in prossimit\u00e0 della variante che ha sostituito in questi anni il ponte, incidenti dovuti alla pericolosit\u00e0 del tratto di strada.<\/p><\/blockquote>\n","protected":false},"excerpt":{"rendered":"<p>Finalmente dopo dieci anni la strada \u00e8 ritornata dritta dopo Rondissone, facendo sparire una pericolosissima chicane su una strada ad alto scorrimento.<\/p>\n","protected":false},"author":3,"featured_media":0,"comment_status":"open","ping_status":"open","sticky":false,"template":"","format":"standard","meta":{"footnotes":""},"categories":[29,424],"tags":[230,2160,1415,357],"class_list":["post-20483","post","type-post","status-publish","format-standard","hentry","category-ironia","category-personale","tag-milano","tag-torino","tag-rondissone","tag-villareggia"],"_links":{"self":[{"href":"https:\/\/www.pasteris.it\/blog\/wp-json\/wp\/v2\/posts\/20483","targetHints":{"allow":["GET"]}}],"collection":[{"href":"https:\/\/www.pasteris.it\/blog\/wp-json\/wp\/v2\/posts"}],"about":[{"href":"https:\/\/www.pasteris.it\/blog\/wp-json\/wp\/v2\/types\/post"}],"author":[{"embeddable":true,"href":"https:\/\/www.pasteris.it\/blog\/wp-json\/wp\/v2\/users\/3"}],"replies":[{"embeddable":true,"href":"https:\/\/www.pasteris.it\/blog\/wp-json\/wp\/v2\/comments?post=20483"}],"version-history":[{"count":2,"href":"https:\/\/www.pasteris.it\/blog\/wp-json\/wp\/v2\/posts\/20483\/revisions"}],"predecessor-version":[{"id":20487,"href":"https:\/\/www.pasteris.it\/blog\/wp-json\/wp\/v2\/posts\/20483\/revisions\/20487"}],"wp:attachment":[{"href":"https:\/\/www.pasteris.it\/blog\/wp-json\/wp\/v2\/media?parent=20483"}],"wp:term":[{"taxonomy":"category","embeddable":true,"href":"https:\/\/www.pasteris.it\/blog\/wp-json\/wp\/v2\/categories?post=20483"},{"taxonomy":"post_tag","embeddable":true,"href":"https:\/\/www.pasteris.it\/blog\/wp-json\/wp\/v2\/tags?post=20483"}],"curies":[{"name":"wp","href":"https:\/\/api.w.org\/{rel}","templated":true}]}}