{"id":2053,"date":"2007-08-09T11:49:08","date_gmt":"2007-08-09T09:49:08","guid":{"rendered":"http:\/\/www.pasteris.it\/blog\/2007\/08\/09\/e%e2%80%99-morto-il-mago-delle-luci\/"},"modified":"2007-08-09T11:49:08","modified_gmt":"2007-08-09T09:49:08","slug":"e%e2%80%99-morto-il-mago-delle-luci","status":"publish","type":"post","link":"https:\/\/www.pasteris.it\/blog\/2007\/08\/09\/e%e2%80%99-morto-il-mago-delle-luci\/","title":{"rendered":"E\u2019 morto il mago delle luci"},"content":{"rendered":"<p><a href=\"http:\/\/www.lastampa.it\/_web\/cmstp\/tmplrubriche\/tecnologia\/grubrica.asp?ID_blog=30&amp;ID_articolo=2905&amp;ID_sezione=38&amp;sezione=News\">Da Lastampa.it<\/a><\/p>\n<blockquote><p><img loading=\"lazy\" decoding=\"async\" src=\"http:\/\/www.spacecannon.it\/img-gallery\/AMERICA\/IMG-comuni\/newyork1.jpg\" align=\"right\" height=\"75\" width=\"110\" \/>Oggi si svolgeranno a Felizzano nell\u2019alessandrino le esequie di Bruno Baiardi,  ingegnere di 56 anni morto di un male incurabile con cui aveva cercato di  combattere. Pochi probabilmente del grande pubblico conoscono questo  alessandrino cocciuto che \u00e8 morto troppo presto per vedere i risultati in  crescita esponenziale della sua azienda. Proprio la sua azienda invece \u00e8  conosciuta in tutto il mondo. Si chiama Space Cannon ed \u00e8 la leader mondiale per  la progettazione e realizzazione di fasci luminosi, ma in generale di tutto  quello che riguarda l\u2019illuminazione di eventi ed edifici.<\/p><\/blockquote>\n","protected":false},"excerpt":{"rendered":"<p>Da Lastampa.it Oggi si svolgeranno a Felizzano nell\u2019alessandrino le esequie di Bruno Baiardi, ingegnere di 56 anni morto di un male incurabile con cui aveva cercato di combattere. Pochi probabilmente del grande pubblico conoscono questo alessandrino cocciuto che \u00e8 morto troppo presto per vedere i risultati in crescita esponenziale della sua azienda. Proprio la sua &#8230; <a title=\"E\u2019 morto il mago delle luci\" class=\"read-more\" href=\"https:\/\/www.pasteris.it\/blog\/2007\/08\/09\/e%e2%80%99-morto-il-mago-delle-luci\/\" aria-label=\"Per saperne di pi\u00f9 su E\u2019 morto il mago delle luci\">Leggi tutto<\/a><\/p>\n","protected":false},"author":4,"featured_media":0,"comment_status":"open","ping_status":"open","sticky":false,"template":"","format":"standard","meta":{"footnotes":""},"categories":[],"tags":[2157,193,437,2169,511,363],"class_list":["post-2053","post","type-post","status-publish","format-standard","hentry","tag-blog","tag-lastampa","tag-mondiale","tag-mondo","tag-pace","tag-web"],"_links":{"self":[{"href":"https:\/\/www.pasteris.it\/blog\/wp-json\/wp\/v2\/posts\/2053","targetHints":{"allow":["GET"]}}],"collection":[{"href":"https:\/\/www.pasteris.it\/blog\/wp-json\/wp\/v2\/posts"}],"about":[{"href":"https:\/\/www.pasteris.it\/blog\/wp-json\/wp\/v2\/types\/post"}],"author":[{"embeddable":true,"href":"https:\/\/www.pasteris.it\/blog\/wp-json\/wp\/v2\/users\/4"}],"replies":[{"embeddable":true,"href":"https:\/\/www.pasteris.it\/blog\/wp-json\/wp\/v2\/comments?post=2053"}],"version-history":[{"count":0,"href":"https:\/\/www.pasteris.it\/blog\/wp-json\/wp\/v2\/posts\/2053\/revisions"}],"wp:attachment":[{"href":"https:\/\/www.pasteris.it\/blog\/wp-json\/wp\/v2\/media?parent=2053"}],"wp:term":[{"taxonomy":"category","embeddable":true,"href":"https:\/\/www.pasteris.it\/blog\/wp-json\/wp\/v2\/categories?post=2053"},{"taxonomy":"post_tag","embeddable":true,"href":"https:\/\/www.pasteris.it\/blog\/wp-json\/wp\/v2\/tags?post=2053"}],"curies":[{"name":"wp","href":"https:\/\/api.w.org\/{rel}","templated":true}]}}