{"id":20807,"date":"2010-08-14T17:43:43","date_gmt":"2010-08-14T15:43:43","guid":{"rendered":"http:\/\/www.pasteris.it\/blog\/?p=20807"},"modified":"2010-08-14T17:43:43","modified_gmt":"2010-08-14T15:43:43","slug":"murdoch-tenta-negli-usa-il-giornale-solo-per-ipad","status":"publish","type":"post","link":"https:\/\/www.pasteris.it\/blog\/2010\/08\/14\/murdoch-tenta-negli-usa-il-giornale-solo-per-ipad\/","title":{"rendered":"Murdoch tenta negli Usa il giornale solo per Ipad"},"content":{"rendered":"<p><a href=\"http:\/\/www.corriere.it\/economia\/10_agosto_14\/gaggi_murdoch_674ef766-a772-11df-9159-00144f02aabe.shtml\">Via Ilcorriere.it<\/a><\/p>\n<blockquote><p>Rupert Murdoch lancia negli Usa un nuovo quotidiano nazionale per  fare concorrenza al New York Times e a UsaToday e per cercare di  riconquistare il pubblico dei giovani. Uscir\u00e0 entro la fine dell&#8217;anno,  ma non lo si trover\u00e0 in edicola. E nemmeno su Internet. Sar\u00e0 un giornale  interamente digitale distribuito (a pagamento) solo sulle piattaforme  mobili come l&#8217;iPad e sui telefonini \u00absmart\u00bb.<\/p>\n<p>La notizia \u00e8 trapelata ieri <a href=\"http:\/\/www.latimes.com\/business\/la-fi-ct-newscorp-20100813,0,3467576.story\">sul Los Angeles Times<\/a>. Dal gruppo  \u00abNews Corp\u00bb non sono venute conferme, ma che l&#8217;editore australiano si  stia muovendo in questa direzione \u00e8 noto da tempo. Lo stesso Murdoch,  intervenendo il 4 agosto a una \u00abconference call\u00bb della sua holding con  gli analisti finanziari, aveva definito l&#8217;iPad della Apple uno strumento  rivoluzionario, destinato a cambiare radicalmente il mondo dei  giornali, e aveva avanzato la previsione che tra non molto saranno  centinaia di milioni gli utenti dotati in tutto il mondo di questo tipo  di \u00abtablet\u00bb computer. Pur senza fornire dati, Murdoch si era detto  soddisfatto dell&#8217;afflusso di abbonamenti alle applicazioni per iPad  recentemente introdotte dalle sue principali testate in tre continenti:  l&#8217;americano Wall Street Journal, l&#8217;Australian e il Times di Londra. Del nuovo giornale allo studio, quello che per ora \u00e8 chiamato \u00abproject Alesia\u00bb, aveva parlato due settimane fa anche il Financial Times.<\/p><\/blockquote>\n","protected":false},"excerpt":{"rendered":"<p>Via Ilcorriere.it Rupert Murdoch lancia negli Usa un nuovo quotidiano nazionale per fare concorrenza al New York Times e a UsaToday e per cercare di riconquistare il pubblico dei giovani. Uscir\u00e0 entro la fine dell&#8217;anno, ma non lo si trover\u00e0 in edicola. E nemmeno su Internet. Sar\u00e0 un giornale interamente digitale distribuito (a pagamento) solo &#8230; <a title=\"Murdoch tenta negli Usa il giornale solo per Ipad\" class=\"read-more\" href=\"https:\/\/www.pasteris.it\/blog\/2010\/08\/14\/murdoch-tenta-negli-usa-il-giornale-solo-per-ipad\/\" aria-label=\"Per saperne di pi\u00f9 su Murdoch tenta negli Usa il giornale solo per Ipad\">Leggi tutto<\/a><\/p>\n","protected":false},"author":3,"featured_media":0,"comment_status":"open","ping_status":"open","sticky":false,"template":"","format":"standard","meta":{"footnotes":""},"categories":[17,30,15],"tags":[1236,830],"class_list":["post-20807","post","type-post","status-publish","format-standard","hentry","category-economia","category-media","category-mobile","tag-ipad","tag-murdoch"],"_links":{"self":[{"href":"https:\/\/www.pasteris.it\/blog\/wp-json\/wp\/v2\/posts\/20807","targetHints":{"allow":["GET"]}}],"collection":[{"href":"https:\/\/www.pasteris.it\/blog\/wp-json\/wp\/v2\/posts"}],"about":[{"href":"https:\/\/www.pasteris.it\/blog\/wp-json\/wp\/v2\/types\/post"}],"author":[{"embeddable":true,"href":"https:\/\/www.pasteris.it\/blog\/wp-json\/wp\/v2\/users\/3"}],"replies":[{"embeddable":true,"href":"https:\/\/www.pasteris.it\/blog\/wp-json\/wp\/v2\/comments?post=20807"}],"version-history":[{"count":2,"href":"https:\/\/www.pasteris.it\/blog\/wp-json\/wp\/v2\/posts\/20807\/revisions"}],"predecessor-version":[{"id":20809,"href":"https:\/\/www.pasteris.it\/blog\/wp-json\/wp\/v2\/posts\/20807\/revisions\/20809"}],"wp:attachment":[{"href":"https:\/\/www.pasteris.it\/blog\/wp-json\/wp\/v2\/media?parent=20807"}],"wp:term":[{"taxonomy":"category","embeddable":true,"href":"https:\/\/www.pasteris.it\/blog\/wp-json\/wp\/v2\/categories?post=20807"},{"taxonomy":"post_tag","embeddable":true,"href":"https:\/\/www.pasteris.it\/blog\/wp-json\/wp\/v2\/tags?post=20807"}],"curies":[{"name":"wp","href":"https:\/\/api.w.org\/{rel}","templated":true}]}}