{"id":2093,"date":"2007-08-23T09:27:37","date_gmt":"2007-08-23T07:27:37","guid":{"rendered":"http:\/\/www.pasteris.it\/blog\/2007\/08\/23\/antropologie-italiche-cortina-dampezzo\/"},"modified":"2007-08-23T09:27:37","modified_gmt":"2007-08-23T07:27:37","slug":"antropologie-italiche-cortina-dampezzo","status":"publish","type":"post","link":"https:\/\/www.pasteris.it\/blog\/2007\/08\/23\/antropologie-italiche-cortina-dampezzo\/","title":{"rendered":"Antropologie italiche: Cortina D&#8217;Ampezzo"},"content":{"rendered":"<p><img decoding=\"async\" src=\"http:\/\/www.pasteris.it\/blog\/wp-content\/uploads\/2007\/08\/cortina.jpg\" alt=\"cortina.jpg\" align=\"right\" \/>Cortina d&#8217;Ampezzo, meta pomeridiana del bloggante e meravigliosa famigliola \u00e8 una cittadina splendida adagiata in fondo a una conca da favola: bella d&#8217;inverno e d&#8217;estate.\u00a0 Un paradiso !<\/p>\n<p>Restano alcuni quesiti inquietanti passeggiando per la via principale:<\/p>\n<ul>\n<li>Perch\u00e8 la lingua pi\u00f9 diffusa in questi giorni \u00e8 il romanesco<\/li>\n<li>Perch\u00e8 certi si vestono come dei finti tirolesi, altri come appena usciti da un party tra VIP ?<\/li>\n<li>Come mai passano buona parte del loro tempo a telefonare con il cellulare: non potrebbero tranquillamente starsene in casa al telefono e guardarsi un filmino sulle Dolomiti ?<br \/>\nPerch\u00e8 in pochissimi sono normalmente vestiti sportivamente da escursione estiva in montagna come succede che so io a Cavalese, Canazei o Moena ?<\/li>\n<\/ul>\n","protected":false},"excerpt":{"rendered":"<p>Cortina d&#8217;Ampezzo, meta pomeridiana del bloggante e meravigliosa famigliola \u00e8 una cittadina splendida adagiata in fondo a una conca da favola: bella d&#8217;inverno e d&#8217;estate.\u00a0 Un paradiso ! Restano alcuni quesiti inquietanti passeggiando per la via principale: Perch\u00e8 la lingua pi\u00f9 diffusa in questi giorni \u00e8 il romanesco Perch\u00e8 certi si vestono come dei finti &#8230; <a title=\"Antropologie italiche: Cortina D&#8217;Ampezzo\" class=\"read-more\" href=\"https:\/\/www.pasteris.it\/blog\/2007\/08\/23\/antropologie-italiche-cortina-dampezzo\/\" aria-label=\"Per saperne di pi\u00f9 su Antropologie italiche: Cortina D&#8217;Ampezzo\">Leggi tutto<\/a><\/p>\n","protected":false},"author":4,"featured_media":0,"comment_status":"open","ping_status":"open","sticky":false,"template":"","format":"standard","meta":{"footnotes":""},"categories":[],"tags":[415,2157,289,2156,36,331,561],"class_list":["post-2093","post","type-post","status-publish","format-standard","hentry","tag-arte","tag-blog","tag-roma","tag-sport","tag-tag","tag-telefono","tag-tempo"],"_links":{"self":[{"href":"https:\/\/www.pasteris.it\/blog\/wp-json\/wp\/v2\/posts\/2093","targetHints":{"allow":["GET"]}}],"collection":[{"href":"https:\/\/www.pasteris.it\/blog\/wp-json\/wp\/v2\/posts"}],"about":[{"href":"https:\/\/www.pasteris.it\/blog\/wp-json\/wp\/v2\/types\/post"}],"author":[{"embeddable":true,"href":"https:\/\/www.pasteris.it\/blog\/wp-json\/wp\/v2\/users\/4"}],"replies":[{"embeddable":true,"href":"https:\/\/www.pasteris.it\/blog\/wp-json\/wp\/v2\/comments?post=2093"}],"version-history":[{"count":0,"href":"https:\/\/www.pasteris.it\/blog\/wp-json\/wp\/v2\/posts\/2093\/revisions"}],"wp:attachment":[{"href":"https:\/\/www.pasteris.it\/blog\/wp-json\/wp\/v2\/media?parent=2093"}],"wp:term":[{"taxonomy":"category","embeddable":true,"href":"https:\/\/www.pasteris.it\/blog\/wp-json\/wp\/v2\/categories?post=2093"},{"taxonomy":"post_tag","embeddable":true,"href":"https:\/\/www.pasteris.it\/blog\/wp-json\/wp\/v2\/tags?post=2093"}],"curies":[{"name":"wp","href":"https:\/\/api.w.org\/{rel}","templated":true}]}}