{"id":20957,"date":"2010-08-25T12:20:24","date_gmt":"2010-08-25T10:20:24","guid":{"rendered":"http:\/\/www.pasteris.it\/blog\/?p=20957"},"modified":"2010-08-25T15:09:31","modified_gmt":"2010-08-25T13:09:31","slug":"il-ticket-chiamparino-ventola-e-altre-storie","status":"publish","type":"post","link":"https:\/\/www.pasteris.it\/blog\/2010\/08\/25\/il-ticket-chiamparino-ventola-e-altre-storie\/","title":{"rendered":"Il ticket Chiamparino &#8211; Vendola e altre storie"},"content":{"rendered":"<p><a href=\"http:\/\/www.lastampa.it\/redazione\/cmsSezioni\/politica\/201008articoli\/57889girata.asp\">Sui giornali si \u00e8 parlato di un possibile ticket Chiamparino &#8211; Vendola<\/a>, una cosa che solo giornalisti politici e politici travestiti da giornalisti potrebbero pensare nelle elecubrazioni auto erotiche notturne. Che si direbbero a pranzo il bugianen camaleontico sabaudo e il creativo carismatico pugliese ? Come amministrerebbero lo stato ? in camere separate ?<\/p>\n<p>Nel frattempo dopo la<a href=\"http:\/\/www.lospiffero.com\/index.php?option=com_content&amp;view=article&amp;id=778:pene-di-una-signora-perbene&amp;catid=4:buco-della-serratura&amp;Itemid=2\"> fantomatica candidatura di Evelina Cristillin sindaco a Torino<\/a>,<a href=\"http:\/\/www.lospiffero.com\/index.php?option=com_content&amp;view=article&amp;id=780:un-tocco-darte-e-nei-disegni-del-pdl-spunta-la-sandretto&amp;catid=3:prima-pagina&amp;Itemid=7\"> si parla di una ancor pi\u00f9 fantomatica candidatura a sindaco per il pdl di Patrizia Sandretto<\/a>. Per dirla alla Moretti: facciamoci del male !<\/p>\n<blockquote><p>La Festa nazionale del Pd di Torino, gi\u00e0 colpita, ancor prima di  cominciare, dalle polemiche per il mancato invito al governatore del  Piemonte Cota, potrebbe far da madrina a una novit\u00e0 di cui si sta  vociferando parecchio, nell\u2019estate infuocata del duello Berlusconi-Fini e  della latente crisi di governo. Si tratta dell\u2019inedito ticket  Chiamparino-Vendola che nell\u2019ipotesi, ormai concreta, di elezioni  anticipate entro l\u2019anno, sarebbe pronto alla doppia sfida, all\u2019interno  del partito per imporsi nel vuoto di candidature condivise per la  premiership del centrosinistra, e fuori, contro l\u2019ennesimo ritorno di  Berlusconi.<br \/>\n<!--more--><br \/>\nFinora una discussione chiara sul problema dei  problemi, per il Pd uscito battuto nel 2008, e tutto preso dalla crisi  interna che lo ha portato al cambio di tre segretari in un anno, s\u2019\u00e8  rivelata impossibile. Il sindaco ormai quasi uscente di Torino, Sergio  Chiamparino, \u00e8 stato tra quelli che hanno cercato di sollecitarla,  offrendo anche la sua disponibilit\u00e0 a candidarsi alle primarie e  sottolineando il rischio che dietro l\u2019apparente consenso a un\u2019ipotetica  candidatura di Bersani si celassero giochi sotterranei. Bersani invece a  luglio, proprio mentre la crisi del centrodestra si accentuava, era  riuscito a mettere d\u2019accordo tutte le anime dell\u2019opposizione, da Casini a  Di Pietro e allo stesso Vendola, sull\u2019ipotesi di un governo d\u2019emergenza  che, in caso di caduta di Berlusconi, potesse essere varato grazie a  una maggioranza parlamentare contraria allo scioglimento delle Camere.  Nella confusione crescente del partito berlusconiano, l\u2019iniziativa del  leader Pd aveva trovato consensi e avuto un risultato positivo. Ma nel  giro di un mese, come s\u2019\u00e8 visto dopo il vertice del Pdl di venerd\u00ec  scorso, le possibilit\u00e0 di una tregua che consenta in qualche modo al  governo di andare avanti si sono molto ridotte. E parallelamente quelle  di un esecutivo diverso, ma in grado di aprire la strada al  dopo-Berlusconi. Il premier negli ultimi giorni \u00e8 apparso impegnato  soprattutto a mettere in moto la macchina che dovrebbe sostenere la sua  sesta corsa a Palazzo Chigi, con la novit\u00e0 dei trecentomila volontari  appostati lungo tutto il territorio elettorale. Di qui, anche per il Pd,  la necessit\u00e0 di prepararsi al peggio, in un contesto per cui i diversi  capi del partito non erano pronti.<\/p><\/blockquote>\n","protected":false},"excerpt":{"rendered":"<p>Sui giornali si \u00e8 parlato di un possibile ticket Chiamparino &#8211; Vendola, una cosa che solo giornalisti politici e politici travestiti da giornalisti potrebbero pensare nelle elecubrazioni auto erotiche notturne. Che si direbbero a pranzo il bugianen camaleontico sabaudo e il creativo carismatico pugliese ? Come amministrerebbero lo stato ? in camere separate ? Nel &#8230; <a title=\"Il ticket Chiamparino &#8211; Vendola e altre storie\" class=\"read-more\" href=\"https:\/\/www.pasteris.it\/blog\/2010\/08\/25\/il-ticket-chiamparino-ventola-e-altre-storie\/\" aria-label=\"Per saperne di pi\u00f9 su Il ticket Chiamparino &#8211; Vendola e altre storie\">Leggi tutto<\/a><\/p>\n","protected":false},"author":3,"featured_media":0,"comment_status":"open","ping_status":"open","sticky":false,"template":"","format":"standard","meta":{"footnotes":""},"categories":[32,14],"tags":[2160,1432,1413],"class_list":["post-20957","post","type-post","status-publish","format-standard","hentry","category-pensieri","category-torino","tag-torino","tag-poltica","tag-vendola"],"_links":{"self":[{"href":"https:\/\/www.pasteris.it\/blog\/wp-json\/wp\/v2\/posts\/20957","targetHints":{"allow":["GET"]}}],"collection":[{"href":"https:\/\/www.pasteris.it\/blog\/wp-json\/wp\/v2\/posts"}],"about":[{"href":"https:\/\/www.pasteris.it\/blog\/wp-json\/wp\/v2\/types\/post"}],"author":[{"embeddable":true,"href":"https:\/\/www.pasteris.it\/blog\/wp-json\/wp\/v2\/users\/3"}],"replies":[{"embeddable":true,"href":"https:\/\/www.pasteris.it\/blog\/wp-json\/wp\/v2\/comments?post=20957"}],"version-history":[{"count":5,"href":"https:\/\/www.pasteris.it\/blog\/wp-json\/wp\/v2\/posts\/20957\/revisions"}],"predecessor-version":[{"id":20960,"href":"https:\/\/www.pasteris.it\/blog\/wp-json\/wp\/v2\/posts\/20957\/revisions\/20960"}],"wp:attachment":[{"href":"https:\/\/www.pasteris.it\/blog\/wp-json\/wp\/v2\/media?parent=20957"}],"wp:term":[{"taxonomy":"category","embeddable":true,"href":"https:\/\/www.pasteris.it\/blog\/wp-json\/wp\/v2\/categories?post=20957"},{"taxonomy":"post_tag","embeddable":true,"href":"https:\/\/www.pasteris.it\/blog\/wp-json\/wp\/v2\/tags?post=20957"}],"curies":[{"name":"wp","href":"https:\/\/api.w.org\/{rel}","templated":true}]}}