{"id":20994,"date":"2010-08-27T11:00:05","date_gmt":"2010-08-27T09:00:05","guid":{"rendered":"http:\/\/www.pasteris.it\/blog\/?p=20994"},"modified":"2010-08-27T12:41:10","modified_gmt":"2010-08-27T10:41:10","slug":"le-colpe-degli-operai","status":"publish","type":"post","link":"https:\/\/www.pasteris.it\/blog\/2010\/08\/27\/le-colpe-degli-operai\/","title":{"rendered":"Le colpe degli operai"},"content":{"rendered":"<p><a href=\"http:\/\/www.ilfattoquotidiano.it\/\">Furio Colombo sul Fatto Quotidiano<\/a><\/p>\n<blockquote><p>Daniele Capezzone, portavoce del Pdl, deve avere visto le immagini televisive dei tre operai Fiat, Barozzino, Lamorte, Pignatelli che fanno passare le ore sul piazzale assolato e vuoto della fabbrica proibita, ci ha pensato, e ha detto: \u201cC\u2019\u00e8 da augurarsi che la politica italiana non lasci solo il capo del Lingotto\u201d. Evidentemente Capezzone era scosso dalla risposta immediata e chiara del capo dello Stato sul reclamo di dignit\u00e0 dei tre operai che non possono rientrare in fabbrica nonostante una sentenza. <\/p>\n<p>Era turbato dalla ferma solidariet\u00e0 dei vescovi, che non dovrebbero immischiarsi in beghe sindacali. Certo, un po\u2019 lo avranno consolato le parole di Emma Marcegaglia che, con Cesare Geronzi al suo fianco (dunque il meglio del meglio dell\u2019Italia) ha detto ai fervidi ragazzi di Comunione e Liberazione di Rimini: \u201cOggi bastano due persone per fermare un\u2019intera produzione. Serve un cambiamento forte o sar\u00e0 il declino\u201d. Gli autori del declino erano sempre l\u00e0, a Melfi, con le magliette blu dell\u2019uniforme. Tre uomini spinti fuori, sotto il sole, per otto ore al giorno. La preghiera di Capezzone per\u00f2 non \u00e8 restata inascoltata. Si \u00e8 fatta avanti Mariastella Gelmini e ha detto \u201cMarchionne \u00e8 il pi\u00f9 bravo di tutti\u201d.      Probabile che Marchionne comparir\u00e0, vita e opere, nelle tracce dei temi di maturit\u00e0 del prossimo anno.<br \/>\n<!--more--><br \/>\nDopo un po\u2019 di esitazione si \u00e8 fatta avanti la sinistra. Prima Chiamparino che, da sindaco di Torino e da candidato del centrodestra del Pd \u2013 fa il tifo per Marchionne (strano, per\u00f2; lo fa, quando la Fiat va in Serbia e lo fa mentre gli operai torinesi sono rimasti cauti, zitti e umiliati a Mirafiori). Poi Pietro Ichino, per spiegare che Napolitano, in realt\u00e0, \u00e8 dalla parte di Marchionne, non dei tre operai in maglietta blu, soli sul piazzale vuoto. Sentite: \u201cPrendere posizione sulla questione del piano Fiat \u00e8 ci\u00f2 che il messaggio del capo dello Stato sottolinea: rispetto degli standard dell\u2019occidente industrializzato\u201d. <\/p>\n<p>Gli risponde sullo stesso giornale, lo stesso giorno (Il Corriere della Sera, 26 agosto) il vice direttore Massimo Mucchetti: \u201cI lavoratori tedeschi partecipano alle decisioni strategiche; negli Usa i sindacati sono entrati nel Board per tutelare le azioni ricevute\u201d. Ma \u201cper fortuna Marchionne   c\u2019\u00e8\u201d. A Rimini, fra ciellini giovani e festanti, dice queste frasi nette e incoerenti: \u201cAccetto l\u2019invito di Napolitano. Non si possono difendere atti di sabotaggio. La dignit\u00e0 non \u00e8 esclusiva di tre persone\u201d. Non sar\u00e0 esclusiva, ma i tre in maglietta blu restano ad aspettare nel piazzale vuoto di Melfi. Il saggio ministro Tremonti offre loro il pensiero del giorno: \u201cSe tutti vogliono diritti perfetti nella fabbrica ideale, si rischia che la fabbrica ideale va da un\u2019altra parte\u201d. Giusto. Il mondo \u00e8 pieno di schiavi. <\/p><\/blockquote>\n","protected":false},"excerpt":{"rendered":"<p>Furio Colombo sul Fatto Quotidiano Daniele Capezzone, portavoce del Pdl, deve avere visto le immagini televisive dei tre operai Fiat, Barozzino, Lamorte, Pignatelli che fanno passare le ore sul piazzale assolato e vuoto della fabbrica proibita, ci ha pensato, e ha detto: \u201cC\u2019\u00e8 da augurarsi che la politica italiana non lasci solo il capo del &#8230; <a title=\"Le colpe degli operai\" class=\"read-more\" href=\"https:\/\/www.pasteris.it\/blog\/2010\/08\/27\/le-colpe-degli-operai\/\" aria-label=\"Per saperne di pi\u00f9 su Le colpe degli operai\">Leggi tutto<\/a><\/p>\n","protected":false},"author":3,"featured_media":0,"comment_status":"open","ping_status":"open","sticky":false,"template":"","format":"standard","meta":{"footnotes":""},"categories":[11],"tags":[2158,426],"class_list":["post-20994","post","type-post","status-publish","format-standard","hentry","category-diritti","tag-diritti","tag-lavoro"],"_links":{"self":[{"href":"https:\/\/www.pasteris.it\/blog\/wp-json\/wp\/v2\/posts\/20994","targetHints":{"allow":["GET"]}}],"collection":[{"href":"https:\/\/www.pasteris.it\/blog\/wp-json\/wp\/v2\/posts"}],"about":[{"href":"https:\/\/www.pasteris.it\/blog\/wp-json\/wp\/v2\/types\/post"}],"author":[{"embeddable":true,"href":"https:\/\/www.pasteris.it\/blog\/wp-json\/wp\/v2\/users\/3"}],"replies":[{"embeddable":true,"href":"https:\/\/www.pasteris.it\/blog\/wp-json\/wp\/v2\/comments?post=20994"}],"version-history":[{"count":2,"href":"https:\/\/www.pasteris.it\/blog\/wp-json\/wp\/v2\/posts\/20994\/revisions"}],"predecessor-version":[{"id":20996,"href":"https:\/\/www.pasteris.it\/blog\/wp-json\/wp\/v2\/posts\/20994\/revisions\/20996"}],"wp:attachment":[{"href":"https:\/\/www.pasteris.it\/blog\/wp-json\/wp\/v2\/media?parent=20994"}],"wp:term":[{"taxonomy":"category","embeddable":true,"href":"https:\/\/www.pasteris.it\/blog\/wp-json\/wp\/v2\/categories?post=20994"},{"taxonomy":"post_tag","embeddable":true,"href":"https:\/\/www.pasteris.it\/blog\/wp-json\/wp\/v2\/tags?post=20994"}],"curies":[{"name":"wp","href":"https:\/\/api.w.org\/{rel}","templated":true}]}}