{"id":21109,"date":"2010-09-06T07:43:29","date_gmt":"2010-09-06T05:43:29","guid":{"rendered":"http:\/\/www.pasteris.it\/blog\/?p=21109"},"modified":"2010-09-06T07:43:29","modified_gmt":"2010-09-06T05:43:29","slug":"fini-dice-che-il-pdl-non-ce-piu-elezioni-dietro-langolo","status":"publish","type":"post","link":"https:\/\/www.pasteris.it\/blog\/2010\/09\/06\/fini-dice-che-il-pdl-non-ce-piu-elezioni-dietro-langolo\/","title":{"rendered":"Fini dice che il PdL non c&#8217;\u00e8 pi\u00f9, elezioni dietro l&#8217;angolo"},"content":{"rendered":"<p><a href=\"http:\/\/www.ansa.it\/web\/notizie\/rubriche\/politica\/2010\/09\/05\/visualizza_new.html_1786335082.html\">Via Ansa<\/a><\/p>\n<blockquote><p>&#8220;Non si pu\u00f2 rientrare in un partito che non c&#8217;\u00e9 pi\u00f9. Si va avanti senza  farsi intimidire&#8221;. Lo dice Gianfranco Fini liquidando, di fatto, il Pdl.  &#8220;Il Pdl, cos\u00ec come l&#8217;avevamo concepito, \u00e8 finito il 29 di luglio. E non  perch\u00e9 &#8211; aggiunge &#8211; qualcuno se ne \u00e8 andato, ma perche \u00e8 venuto meno  all&#8217;interno il confronto di idee che \u00e8 il sale delle democrazia&#8221;. Oggi  dunque &#8220;non c&#8217;\u00e9 pi\u00f9 il Pdl&#8221; ma &#8220;c&#8217;\u00e9 il partito del predellino&#8221;. E in  questo quadro Fini manda anche una stoccata a molti ex An. &#8220;Qualche  colonnello ha cambiato generale &#8211; dice &#8211; ed \u00e8 forse gi\u00e0 pronto a  cambiarlo di nuovo&#8221;.<\/p><\/blockquote>\n","protected":false},"excerpt":{"rendered":"<p>Via Ansa &#8220;Non si pu\u00f2 rientrare in un partito che non c&#8217;\u00e9 pi\u00f9. Si va avanti senza farsi intimidire&#8221;. Lo dice Gianfranco Fini liquidando, di fatto, il Pdl. &#8220;Il Pdl, cos\u00ec come l&#8217;avevamo concepito, \u00e8 finito il 29 di luglio. E non perch\u00e9 &#8211; aggiunge &#8211; qualcuno se ne \u00e8 andato, ma perche \u00e8 venuto &#8230; <a title=\"Fini dice che il PdL non c&#8217;\u00e8 pi\u00f9, elezioni dietro l&#8217;angolo\" class=\"read-more\" href=\"https:\/\/www.pasteris.it\/blog\/2010\/09\/06\/fini-dice-che-il-pdl-non-ce-piu-elezioni-dietro-langolo\/\" aria-label=\"Per saperne di pi\u00f9 su Fini dice che il PdL non c&#8217;\u00e8 pi\u00f9, elezioni dietro l&#8217;angolo\">Leggi tutto<\/a><\/p>\n","protected":false},"author":3,"featured_media":0,"comment_status":"open","ping_status":"open","sticky":false,"template":"","format":"standard","meta":{"footnotes":""},"categories":[1],"tags":[1067,1198],"class_list":["post-21109","post","type-post","status-publish","format-standard","hentry","category-politica","tag-fini","tag-pdl"],"_links":{"self":[{"href":"https:\/\/www.pasteris.it\/blog\/wp-json\/wp\/v2\/posts\/21109","targetHints":{"allow":["GET"]}}],"collection":[{"href":"https:\/\/www.pasteris.it\/blog\/wp-json\/wp\/v2\/posts"}],"about":[{"href":"https:\/\/www.pasteris.it\/blog\/wp-json\/wp\/v2\/types\/post"}],"author":[{"embeddable":true,"href":"https:\/\/www.pasteris.it\/blog\/wp-json\/wp\/v2\/users\/3"}],"replies":[{"embeddable":true,"href":"https:\/\/www.pasteris.it\/blog\/wp-json\/wp\/v2\/comments?post=21109"}],"version-history":[{"count":2,"href":"https:\/\/www.pasteris.it\/blog\/wp-json\/wp\/v2\/posts\/21109\/revisions"}],"predecessor-version":[{"id":21111,"href":"https:\/\/www.pasteris.it\/blog\/wp-json\/wp\/v2\/posts\/21109\/revisions\/21111"}],"wp:attachment":[{"href":"https:\/\/www.pasteris.it\/blog\/wp-json\/wp\/v2\/media?parent=21109"}],"wp:term":[{"taxonomy":"category","embeddable":true,"href":"https:\/\/www.pasteris.it\/blog\/wp-json\/wp\/v2\/categories?post=21109"},{"taxonomy":"post_tag","embeddable":true,"href":"https:\/\/www.pasteris.it\/blog\/wp-json\/wp\/v2\/tags?post=21109"}],"curies":[{"name":"wp","href":"https:\/\/api.w.org\/{rel}","templated":true}]}}