{"id":2125,"date":"2007-08-29T15:13:59","date_gmt":"2007-08-29T13:13:59","guid":{"rendered":"http:\/\/www.pasteris.it\/blog\/2007\/08\/29\/wwwpartitodellalibertait\/"},"modified":"2007-08-29T15:13:59","modified_gmt":"2007-08-29T13:13:59","slug":"wwwpartitodellalibertait","status":"publish","type":"post","link":"https:\/\/www.pasteris.it\/blog\/2007\/08\/29\/wwwpartitodellalibertait\/","title":{"rendered":"www.partitodellaliberta.it"},"content":{"rendered":"<p>Dal sito <a href=\"http:\/\/www.partitodellaliberta.it\/\">www.partitodellaliberta.it<\/a><\/p>\n<blockquote><p>Silvio Berlusconi come ottimo professionista della comunicazione e degli affari. Specie se affiancato dall&#8217;imprenditrice Michela Brambilla e da  specialisti in questioni di loghi commerciali.<br \/>\nN\u00e9 il primo n\u00e9 la seconda n\u00e9 gli specialisti hanno controllato, prima di pubblicizzare il lancio del &#8220;Partito della Libert\u00e0&#8221;, che  il dominio omonimo fosse disponibile.<br \/>\nE non si sono accorti che il dominio omonimo era stato registrato nel 2004 da Raffaello Morelli, Presidente della <a href=\"http:\/\/www.liberali.it\/\">Federazione dei Liberali<\/a>, non per caso il partito membro dell&#8217;<a href=\"http:\/\/www.liberal-international.org\/\">Internazionale Liberale<\/a>.<\/p><\/blockquote>\n","protected":false},"excerpt":{"rendered":"<p>Dal sito www.partitodellaliberta.it Silvio Berlusconi come ottimo professionista della comunicazione e degli affari. Specie se affiancato dall&#8217;imprenditrice Michela Brambilla e da specialisti in questioni di loghi commerciali. N\u00e9 il primo n\u00e9 la seconda n\u00e9 gli specialisti hanno controllato, prima di pubblicizzare il lancio del &#8220;Partito della Libert\u00e0&#8221;, che il dominio omonimo fosse disponibile. E non &#8230; <a title=\"www.partitodellaliberta.it\" class=\"read-more\" href=\"https:\/\/www.pasteris.it\/blog\/2007\/08\/29\/wwwpartitodellalibertait\/\" aria-label=\"Per saperne di pi\u00f9 su www.partitodellaliberta.it\">Leggi tutto<\/a><\/p>\n","protected":false},"author":4,"featured_media":0,"comment_status":"open","ping_status":"open","sticky":false,"template":"","format":"standard","meta":{"footnotes":""},"categories":[],"tags":[69,548],"class_list":["post-2125","post","type-post","status-publish","format-standard","hentry","tag-berlusconi","tag-liberta"],"_links":{"self":[{"href":"https:\/\/www.pasteris.it\/blog\/wp-json\/wp\/v2\/posts\/2125","targetHints":{"allow":["GET"]}}],"collection":[{"href":"https:\/\/www.pasteris.it\/blog\/wp-json\/wp\/v2\/posts"}],"about":[{"href":"https:\/\/www.pasteris.it\/blog\/wp-json\/wp\/v2\/types\/post"}],"author":[{"embeddable":true,"href":"https:\/\/www.pasteris.it\/blog\/wp-json\/wp\/v2\/users\/4"}],"replies":[{"embeddable":true,"href":"https:\/\/www.pasteris.it\/blog\/wp-json\/wp\/v2\/comments?post=2125"}],"version-history":[{"count":0,"href":"https:\/\/www.pasteris.it\/blog\/wp-json\/wp\/v2\/posts\/2125\/revisions"}],"wp:attachment":[{"href":"https:\/\/www.pasteris.it\/blog\/wp-json\/wp\/v2\/media?parent=2125"}],"wp:term":[{"taxonomy":"category","embeddable":true,"href":"https:\/\/www.pasteris.it\/blog\/wp-json\/wp\/v2\/categories?post=2125"},{"taxonomy":"post_tag","embeddable":true,"href":"https:\/\/www.pasteris.it\/blog\/wp-json\/wp\/v2\/tags?post=2125"}],"curies":[{"name":"wp","href":"https:\/\/api.w.org\/{rel}","templated":true}]}}