{"id":2134,"date":"2007-09-26T14:38:26","date_gmt":"2007-09-26T12:38:26","guid":{"rendered":"http:\/\/www.pasteris.it\/blog\/2007\/09\/26\/second-life-une-seconde-economie-ovvero-delocalizzazione-estrema\/"},"modified":"2007-09-26T14:50:15","modified_gmt":"2007-09-26T12:50:15","slug":"second-life-une-seconde-economie-ovvero-delocalizzazione-estrema","status":"publish","type":"post","link":"https:\/\/www.pasteris.it\/blog\/2007\/09\/26\/second-life-une-seconde-economie-ovvero-delocalizzazione-estrema\/","title":{"rendered":"Second Life, une seconde \u00e9conomie ovvero delocalizzazione estrema"},"content":{"rendered":"<p>A proposito di Second Life<a href=\"http:\/\/www.google.com\/url?sa=t&amp;ct=res&amp;cd=1&amp;url=http%3A%2F%2Fwww.lemonde.fr%2Fweb%2Farticle%2F0%2C1-0%402-651865%2C36-937980%2C0.html&amp;ei=XVX6RrDzCIakwgHUuMyhCw&amp;usg=AFQjCNFKAg8ms9Y2lKxrzeK759zP1sBv4g&amp;sig2=Fppo8FkDWyhn9RTnqkWjuw\"> un articolo estivo di Lemonde<\/a><\/p>\n<blockquote><p><img loading=\"lazy\" decoding=\"async\" src=\"http:\/\/medias.lemonde.fr\/mmpub\/edt\/ill\/2007\/07\/30\/h_9_ill_916203_second_life.jpg\" align=\"right\" height=\"159\" width=\"239\" \/><em>&#8220;Second Life est un territoire de d\u00e9localisation extr\u00eame. Dans les pays \u00e9mergents, y avoir une activit\u00e9 peut permettre d&#8217;arrondir ses fins de mois&#8221;,<\/em> affirme Gregory Kapustin, le jeune cr\u00e9ateur de la Webradio Radiodelameduse.org.<\/p><\/blockquote>\n","protected":false},"excerpt":{"rendered":"<p>A proposito di Second Life un articolo estivo di Lemonde &#8220;Second Life est un territoire de d\u00e9localisation extr\u00eame. Dans les pays \u00e9mergents, y avoir une activit\u00e9 peut permettre d&#8217;arrondir ses fins de mois&#8221;, affirme Gregory Kapustin, le jeune cr\u00e9ateur de la Webradio Radiodelameduse.org.<\/p>\n","protected":false},"author":4,"featured_media":0,"comment_status":"open","ping_status":"open","sticky":false,"template":"","format":"standard","meta":{"footnotes":""},"categories":[],"tags":[162,2168,363],"class_list":["post-2134","post","type-post","status-publish","format-standard","hentry","tag-google","tag-media","tag-web"],"_links":{"self":[{"href":"https:\/\/www.pasteris.it\/blog\/wp-json\/wp\/v2\/posts\/2134","targetHints":{"allow":["GET"]}}],"collection":[{"href":"https:\/\/www.pasteris.it\/blog\/wp-json\/wp\/v2\/posts"}],"about":[{"href":"https:\/\/www.pasteris.it\/blog\/wp-json\/wp\/v2\/types\/post"}],"author":[{"embeddable":true,"href":"https:\/\/www.pasteris.it\/blog\/wp-json\/wp\/v2\/users\/4"}],"replies":[{"embeddable":true,"href":"https:\/\/www.pasteris.it\/blog\/wp-json\/wp\/v2\/comments?post=2134"}],"version-history":[{"count":0,"href":"https:\/\/www.pasteris.it\/blog\/wp-json\/wp\/v2\/posts\/2134\/revisions"}],"wp:attachment":[{"href":"https:\/\/www.pasteris.it\/blog\/wp-json\/wp\/v2\/media?parent=2134"}],"wp:term":[{"taxonomy":"category","embeddable":true,"href":"https:\/\/www.pasteris.it\/blog\/wp-json\/wp\/v2\/categories?post=2134"},{"taxonomy":"post_tag","embeddable":true,"href":"https:\/\/www.pasteris.it\/blog\/wp-json\/wp\/v2\/tags?post=2134"}],"curies":[{"name":"wp","href":"https:\/\/api.w.org\/{rel}","templated":true}]}}