{"id":21419,"date":"2010-09-22T13:51:56","date_gmt":"2010-09-22T11:51:56","guid":{"rendered":"http:\/\/www.pasteris.it\/blog\/?p=21419"},"modified":"2010-09-22T13:51:56","modified_gmt":"2010-09-22T11:51:56","slug":"torino-cronica","status":"publish","type":"post","link":"https:\/\/www.pasteris.it\/blog\/2010\/09\/22\/torino-cronica\/","title":{"rendered":"Torino Cronica"},"content":{"rendered":"<p><a href=\"http:\/\/torinocronica.wordpress.com\/motivi\/\">I motivi di Torino Cronica:<\/a> giornale di <em>incrostazione locale<\/p>\n<p><\/em><\/p>\n<blockquote><p>\nTorino cronica esiste per salvaguardare i fatti quotidiani locali. Per aiutare a ricordarli, prima che spariscano nell\u2019oblio del giornale di ieri.<br \/>\nRingraziamo Torino perch\u00e9 \u00e8 una citt\u00e0 cronica, ferma, sempre uguale, permanente, stazionaria, duratura. Non migliora e non peggiora, ma resiste, inguaribile, lanciata (piano) verso il futuro.<br \/>\nDedicato a chi legge il giornale partendo dalla cronaca di Torino, forse sognando, un giorno, di guardare negli occhi un cronista locale e dirgli: \u201cTi facevo pi\u00f9 vecchio\u201d.<br \/>\nCollaborano con la redazione autorevoli personalit\u00e0 giornalistiche torinesi: Fruttosio e Lampeggini, Gianfranco Linguina, Massimo Caramellini, Paola Padano, Beppe Dovera, Francesca Taci, Gian Battista Barboncini, Beppe Grandelfo, Niccol\u00f2 Zampon, Gian Paolo Ormeggiato, Bruno Gambagigia, Silvia Bela Rosin, Marcello Sorci.<br \/>\nE tutti quelli che come noi amano, sul serio, questa citt\u00e0: Torino, capitale dell\u2019auto\u2026ironia.<br \/>\nInfine, un grazie sentito, per le notizie fresche che ci regalano ogni giorno, alle redazioni torinesi di: La Stampa, Repubblica, Torino cronaca, Leggo, Metro, City, Cronacaqui.<\/p><\/blockquote>\n","protected":false},"excerpt":{"rendered":"<p>I motivi di Torino Cronica: giornale di incrostazione locale Torino cronica esiste per salvaguardare i fatti quotidiani locali. Per aiutare a ricordarli, prima che spariscano nell\u2019oblio del giornale di ieri. Ringraziamo Torino perch\u00e9 \u00e8 una citt\u00e0 cronica, ferma, sempre uguale, permanente, stazionaria, duratura. Non migliora e non peggiora, ma resiste, inguaribile, lanciata (piano) verso il &#8230; <a title=\"Torino Cronica\" class=\"read-more\" href=\"https:\/\/www.pasteris.it\/blog\/2010\/09\/22\/torino-cronica\/\" aria-label=\"Per saperne di pi\u00f9 su Torino Cronica\">Leggi tutto<\/a><\/p>\n","protected":false},"author":3,"featured_media":0,"comment_status":"open","ping_status":"open","sticky":false,"template":"","format":"standard","meta":{"footnotes":""},"categories":[29,14],"tags":[160,2167,2160],"class_list":["post-21419","post","type-post","status-publish","format-standard","hentry","category-ironia","category-torino","tag-giornalismo","tag-ironia","tag-torino"],"_links":{"self":[{"href":"https:\/\/www.pasteris.it\/blog\/wp-json\/wp\/v2\/posts\/21419","targetHints":{"allow":["GET"]}}],"collection":[{"href":"https:\/\/www.pasteris.it\/blog\/wp-json\/wp\/v2\/posts"}],"about":[{"href":"https:\/\/www.pasteris.it\/blog\/wp-json\/wp\/v2\/types\/post"}],"author":[{"embeddable":true,"href":"https:\/\/www.pasteris.it\/blog\/wp-json\/wp\/v2\/users\/3"}],"replies":[{"embeddable":true,"href":"https:\/\/www.pasteris.it\/blog\/wp-json\/wp\/v2\/comments?post=21419"}],"version-history":[{"count":1,"href":"https:\/\/www.pasteris.it\/blog\/wp-json\/wp\/v2\/posts\/21419\/revisions"}],"predecessor-version":[{"id":21420,"href":"https:\/\/www.pasteris.it\/blog\/wp-json\/wp\/v2\/posts\/21419\/revisions\/21420"}],"wp:attachment":[{"href":"https:\/\/www.pasteris.it\/blog\/wp-json\/wp\/v2\/media?parent=21419"}],"wp:term":[{"taxonomy":"category","embeddable":true,"href":"https:\/\/www.pasteris.it\/blog\/wp-json\/wp\/v2\/categories?post=21419"},{"taxonomy":"post_tag","embeddable":true,"href":"https:\/\/www.pasteris.it\/blog\/wp-json\/wp\/v2\/tags?post=21419"}],"curies":[{"name":"wp","href":"https:\/\/api.w.org\/{rel}","templated":true}]}}