{"id":21505,"date":"2010-09-27T13:26:10","date_gmt":"2010-09-27T11:26:10","guid":{"rendered":"http:\/\/www.pasteris.it\/blog\/?p=21505"},"modified":"2010-09-27T13:26:10","modified_gmt":"2010-09-27T11:26:10","slug":"il-tour-incredibile-enel-fa-tappa-a-torino","status":"publish","type":"post","link":"https:\/\/www.pasteris.it\/blog\/2010\/09\/27\/il-tour-incredibile-enel-fa-tappa-a-torino\/","title":{"rendered":"Il tour Incredibile Enel fa tappa a Torino"},"content":{"rendered":"<p>Venerd\u00ec sabato e domenica prossimi <a href=\"http:\/\/incredibile.enel.it\/incredibile\/\">il tour Incredibile Enel fa tappa a Torino<\/a>. Nel piazzale a fianco la facolt\u00e0 di Architettura al Valentino, sar\u00e0 montata una tensostruttura da 900 metri quadrati che racchiude un\u2019arena da 200 posti, una zona laboratori e un\u2019area Exp\u00f2. \u00a0Ci sar\u00e0 un musical live sulla storia dell\u2019Energia, esperimenti ed exhibit interattivi sulle energie rinnovabili, esperti con cui confrontarsi. Sabato alle 18 Andrea Vico e Patrizio Roversi condurremo la Tombola dell\u2019energia, una vera e propria tombola, spettacolarizzata in cui si racconteranno informazioni e aneddoti sull\u2019energia.<\/p>\n<p><object classid=\"clsid:d27cdb6e-ae6d-11cf-96b8-444553540000\" width=\"560\" height=\"340\" codebase=\"http:\/\/download.macromedia.com\/pub\/shockwave\/cabs\/flash\/swflash.cab#version=6,0,40,0\"><param name=\"allowFullScreen\" value=\"true\" \/><param name=\"allowscriptaccess\" value=\"always\" \/><param name=\"src\" value=\"http:\/\/www.youtube.com\/v\/3WbI4TrFFR4?fs=1&amp;hl=it_IT&amp;rel=0\" \/><param name=\"allowfullscreen\" value=\"true\" \/><embed type=\"application\/x-shockwave-flash\" width=\"560\" height=\"340\" src=\"http:\/\/www.youtube.com\/v\/3WbI4TrFFR4?fs=1&amp;hl=it_IT&amp;rel=0\" allowscriptaccess=\"always\" allowfullscreen=\"true\"><\/embed><\/object><\/p>\n","protected":false},"excerpt":{"rendered":"<p>Venerd\u00ec sabato e domenica prossimi il tour Incredibile Enel fa tappa a Torino. Nel piazzale a fianco la facolt\u00e0 di Architettura al Valentino, sar\u00e0 montata una tensostruttura da 900 metri quadrati che racchiude un\u2019arena da 200 posti, una zona laboratori e un\u2019area Exp\u00f2. \u00a0Ci sar\u00e0 un musical live sulla storia dell\u2019Energia, esperimenti ed exhibit interattivi &#8230; <a title=\"Il tour Incredibile Enel fa tappa a Torino\" class=\"read-more\" href=\"https:\/\/www.pasteris.it\/blog\/2010\/09\/27\/il-tour-incredibile-enel-fa-tappa-a-torino\/\" aria-label=\"Per saperne di pi\u00f9 su Il tour Incredibile Enel fa tappa a Torino\">Leggi tutto<\/a><\/p>\n","protected":false},"author":3,"featured_media":0,"comment_status":"open","ping_status":"open","sticky":false,"template":"","format":"standard","meta":{"footnotes":""},"categories":[49,14],"tags":[1387,528,2160],"class_list":["post-21505","post","type-post","status-publish","format-standard","hentry","category-ambiente","category-torino","tag-enel","tag-energia","tag-torino"],"_links":{"self":[{"href":"https:\/\/www.pasteris.it\/blog\/wp-json\/wp\/v2\/posts\/21505","targetHints":{"allow":["GET"]}}],"collection":[{"href":"https:\/\/www.pasteris.it\/blog\/wp-json\/wp\/v2\/posts"}],"about":[{"href":"https:\/\/www.pasteris.it\/blog\/wp-json\/wp\/v2\/types\/post"}],"author":[{"embeddable":true,"href":"https:\/\/www.pasteris.it\/blog\/wp-json\/wp\/v2\/users\/3"}],"replies":[{"embeddable":true,"href":"https:\/\/www.pasteris.it\/blog\/wp-json\/wp\/v2\/comments?post=21505"}],"version-history":[{"count":2,"href":"https:\/\/www.pasteris.it\/blog\/wp-json\/wp\/v2\/posts\/21505\/revisions"}],"predecessor-version":[{"id":21507,"href":"https:\/\/www.pasteris.it\/blog\/wp-json\/wp\/v2\/posts\/21505\/revisions\/21507"}],"wp:attachment":[{"href":"https:\/\/www.pasteris.it\/blog\/wp-json\/wp\/v2\/media?parent=21505"}],"wp:term":[{"taxonomy":"category","embeddable":true,"href":"https:\/\/www.pasteris.it\/blog\/wp-json\/wp\/v2\/categories?post=21505"},{"taxonomy":"post_tag","embeddable":true,"href":"https:\/\/www.pasteris.it\/blog\/wp-json\/wp\/v2\/tags?post=21505"}],"curies":[{"name":"wp","href":"https:\/\/api.w.org\/{rel}","templated":true}]}}