{"id":21546,"date":"2010-09-29T07:38:32","date_gmt":"2010-09-29T05:38:32","guid":{"rendered":"http:\/\/www.pasteris.it\/blog\/?p=21546"},"modified":"2010-09-29T07:38:32","modified_gmt":"2010-09-29T05:38:32","slug":"obituary-erwin-stricker","status":"publish","type":"post","link":"https:\/\/www.pasteris.it\/blog\/2010\/09\/29\/obituary-erwin-stricker\/","title":{"rendered":"Obituary: Erwin Stricker"},"content":{"rendered":"<p>Nel silenzio dei media italiani \u00e8 morto <a href=\"http:\/\/it.wikipedia.org\/wiki\/Erwin_Stricker\">Erwin Stricker<\/a> (via montagna.tv)<\/p>\n<blockquote><p>Lutto nel mondo dello sci. Erwin Stricker, l\u2019indimenticabile \u201ccavallo  pazzo\u201d della Valanga Azzurra, \u00e8 morto quest\u2019oggi all\u2019ospedale di Bolzano  per un tumore al cervello. Aveva 60 anni. Stricker, originario di Bressanone, aveva sconfitto quella malattia  dieci anni fa. Da poco, per\u00f2, si era ripresentata: due giorni fa lo  sciatore aveva subito una delicata operazione alla testa, alla quale  per\u00f2 non \u00e8 sopravvissuto.<\/p>\n<p>Fu campione italiano di discesa libera, e dal 1969 al 1977 fece parte  della mitica nazionale di Gustav Thoeni e Piero Gros, che sbanc\u00f2 le  gare di sci in tutto il mondo. Conquist\u00f2 ottimi piazzamenti mondiali, ma  non vinse mai un oro anche a causa di una serie sfortunata di  infortuni. Indimenticabili, per\u00f2, i suoi colpi di testa e le sue  vulcaniche invenzioni.<\/p>\n<p>Stricker fu infatti il primo ad usare, in gara, le ginocchiere, il  bastone senza fronte, il casco aerodinamico e quello da slalom. E  pensare che arriv\u00f2 all\u2019agonismo per caso: venne notato dai tecnici  nazionali allo Stelvio, dove lavorava come cameriere, perch\u00e8 durante le  ore libere sfidava \u2013 e spesso batteva \u2013 i cugini Thoeni tra i paletti.<\/p><\/blockquote>\n","protected":false},"excerpt":{"rendered":"<p>Nel silenzio dei media italiani \u00e8 morto Erwin Stricker (via montagna.tv) Lutto nel mondo dello sci. Erwin Stricker, l\u2019indimenticabile \u201ccavallo pazzo\u201d della Valanga Azzurra, \u00e8 morto quest\u2019oggi all\u2019ospedale di Bolzano per un tumore al cervello. Aveva 60 anni. Stricker, originario di Bressanone, aveva sconfitto quella malattia dieci anni fa. Da poco, per\u00f2, si era ripresentata: &#8230; <a title=\"Obituary: Erwin Stricker\" class=\"read-more\" href=\"https:\/\/www.pasteris.it\/blog\/2010\/09\/29\/obituary-erwin-stricker\/\" aria-label=\"Per saperne di pi\u00f9 su Obituary: Erwin Stricker\">Leggi tutto<\/a><\/p>\n","protected":false},"author":3,"featured_media":0,"comment_status":"open","ping_status":"open","sticky":false,"template":"","format":"standard","meta":{"footnotes":""},"categories":[9],"tags":[234,592,2156],"class_list":["post-21546","post","type-post","status-publish","format-standard","hentry","category-sport","tag-montagna","tag-sci","tag-sport"],"_links":{"self":[{"href":"https:\/\/www.pasteris.it\/blog\/wp-json\/wp\/v2\/posts\/21546","targetHints":{"allow":["GET"]}}],"collection":[{"href":"https:\/\/www.pasteris.it\/blog\/wp-json\/wp\/v2\/posts"}],"about":[{"href":"https:\/\/www.pasteris.it\/blog\/wp-json\/wp\/v2\/types\/post"}],"author":[{"embeddable":true,"href":"https:\/\/www.pasteris.it\/blog\/wp-json\/wp\/v2\/users\/3"}],"replies":[{"embeddable":true,"href":"https:\/\/www.pasteris.it\/blog\/wp-json\/wp\/v2\/comments?post=21546"}],"version-history":[{"count":2,"href":"https:\/\/www.pasteris.it\/blog\/wp-json\/wp\/v2\/posts\/21546\/revisions"}],"predecessor-version":[{"id":21548,"href":"https:\/\/www.pasteris.it\/blog\/wp-json\/wp\/v2\/posts\/21546\/revisions\/21548"}],"wp:attachment":[{"href":"https:\/\/www.pasteris.it\/blog\/wp-json\/wp\/v2\/media?parent=21546"}],"wp:term":[{"taxonomy":"category","embeddable":true,"href":"https:\/\/www.pasteris.it\/blog\/wp-json\/wp\/v2\/categories?post=21546"},{"taxonomy":"post_tag","embeddable":true,"href":"https:\/\/www.pasteris.it\/blog\/wp-json\/wp\/v2\/tags?post=21546"}],"curies":[{"name":"wp","href":"https:\/\/api.w.org\/{rel}","templated":true}]}}