{"id":21565,"date":"2010-09-30T23:32:25","date_gmt":"2010-09-30T21:32:25","guid":{"rendered":"http:\/\/www.pasteris.it\/blog\/?p=21565"},"modified":"2010-09-30T23:32:25","modified_gmt":"2010-09-30T21:32:25","slug":"il-salone-del-gusto-discrimina-i-giornalisti-online","status":"publish","type":"post","link":"https:\/\/www.pasteris.it\/blog\/2010\/09\/30\/il-salone-del-gusto-discrimina-i-giornalisti-online\/","title":{"rendered":"Il Salone del Gusto  discrimina i giornalisti online"},"content":{"rendered":"<p><a href=\"http:\/\/blog.anso.it\/2010\/09\/22\/salone-internazionale-del-gusto-ancora-deve-iniziare-ma-lascia-gia-lamaro-in-bocca\/\">Dal blog di Anso<\/a><\/p>\n<blockquote><p>L\u2019informazione online non \u00e8 un\u2019informazione di serie B. \u00c8 sconcertante quello che si legge sul sito internet del Salone del Gusto 2010 di Torino (<a href=\"http:\/\/www.salonedelgusto.it\/pagine\/ita\/ufficio_stampa\/richiesta_accredito.lasso\">http:\/\/www.salonedelgusto.it\/pagine\/ita\/ufficio_stampa\/richiesta_accredito.lasso<\/a>): alle testate online, a differenza delle altre testate, \u00e8 concesso un solo accredito. A priori.<br \/>\n\u00c8  opportuno ricordare che gli accrediti stampa non sono un privilegio   della categoria, ma uno strumento indispensabile perch\u00e9 i giornalisti   possano svolgere il lavoro di informare i propri lettori nella maniera   migliore.<\/p>\n<p>La  scelta di SlowFood \u00e8 grave perch\u00e9 evidenzia un preconcetto nei   confronti della stampa online, considerata ad un livello pi\u00f9 basso   rispetto a quella cartacea, radiofonica o televisiva. Eppure non \u00e8 cos\u00ec.   Gli italiani che scelgono di informarsi online sono sempre pi\u00f9   numerosi, attratti dall\u2019immediatezza e dalla velocit\u00e0 delle notizie,   dalla flessibilit\u00e0 e dalla pluralit\u00e0 degli strumenti a disposizione,   dalla gratuit\u00e0 dell\u2019offerta e, ne siamo certi, anche dalla qualit\u00e0 che   caratterizza tante testate online.<\/p><\/blockquote>\n","protected":false},"excerpt":{"rendered":"<p>Dal blog di Anso L\u2019informazione online non \u00e8 un\u2019informazione di serie B. \u00c8 sconcertante quello che si legge sul sito internet del Salone del Gusto 2010 di Torino (http:\/\/www.salonedelgusto.it\/pagine\/ita\/ufficio_stampa\/richiesta_accredito.lasso): alle testate online, a differenza delle altre testate, \u00e8 concesso un solo accredito. A priori. \u00c8 opportuno ricordare che gli accrediti stampa non sono un privilegio &#8230; <a title=\"Il Salone del Gusto  discrimina i giornalisti online\" class=\"read-more\" href=\"https:\/\/www.pasteris.it\/blog\/2010\/09\/30\/il-salone-del-gusto-discrimina-i-giornalisti-online\/\" aria-label=\"Per saperne di pi\u00f9 su Il Salone del Gusto  discrimina i giornalisti online\">Leggi tutto<\/a><\/p>\n","protected":false},"author":3,"featured_media":0,"comment_status":"open","ping_status":"open","sticky":false,"template":"","format":"standard","meta":{"footnotes":""},"categories":[27,11,30,14],"tags":[2158,161,294],"class_list":["post-21565","post","type-post","status-publish","format-standard","hentry","category-cibo","category-diritti","category-media","category-torino","tag-diritti","tag-giornalisti","tag-salone-del-gusto"],"_links":{"self":[{"href":"https:\/\/www.pasteris.it\/blog\/wp-json\/wp\/v2\/posts\/21565","targetHints":{"allow":["GET"]}}],"collection":[{"href":"https:\/\/www.pasteris.it\/blog\/wp-json\/wp\/v2\/posts"}],"about":[{"href":"https:\/\/www.pasteris.it\/blog\/wp-json\/wp\/v2\/types\/post"}],"author":[{"embeddable":true,"href":"https:\/\/www.pasteris.it\/blog\/wp-json\/wp\/v2\/users\/3"}],"replies":[{"embeddable":true,"href":"https:\/\/www.pasteris.it\/blog\/wp-json\/wp\/v2\/comments?post=21565"}],"version-history":[{"count":2,"href":"https:\/\/www.pasteris.it\/blog\/wp-json\/wp\/v2\/posts\/21565\/revisions"}],"predecessor-version":[{"id":21567,"href":"https:\/\/www.pasteris.it\/blog\/wp-json\/wp\/v2\/posts\/21565\/revisions\/21567"}],"wp:attachment":[{"href":"https:\/\/www.pasteris.it\/blog\/wp-json\/wp\/v2\/media?parent=21565"}],"wp:term":[{"taxonomy":"category","embeddable":true,"href":"https:\/\/www.pasteris.it\/blog\/wp-json\/wp\/v2\/categories?post=21565"},{"taxonomy":"post_tag","embeddable":true,"href":"https:\/\/www.pasteris.it\/blog\/wp-json\/wp\/v2\/tags?post=21565"}],"curies":[{"name":"wp","href":"https:\/\/api.w.org\/{rel}","templated":true}]}}