{"id":21575,"date":"2010-10-01T11:38:23","date_gmt":"2010-10-01T09:38:23","guid":{"rendered":"http:\/\/www.pasteris.it\/blog\/?p=21575"},"modified":"2010-10-01T11:38:23","modified_gmt":"2010-10-01T09:38:23","slug":"precipita-la-situazione-di-omnia","status":"publish","type":"post","link":"https:\/\/www.pasteris.it\/blog\/2010\/10\/01\/precipita-la-situazione-di-omnia\/","title":{"rendered":"Precipita la situazione di Omnia"},"content":{"rendered":"<p><a href=\"http:\/\/www.stefanoesposito.net\/?p=1363\">Stefano Parola su Repubblica Via Stefano Esposito<\/a><\/p>\n<blockquote><p>Nel giro di 24 ore la situazione dei  dipendenti di Omnia Service center \u00e8 letteralmente precipitata.  Mercoled\u00ec l\u00b4amministratore giudiziario che ha in mano l\u00b4azienda ha  comunicato loro che la loro cassa integrazione non sarebbe pi\u00f9 stata a  rotazione bens\u00ec a zero ore. Insomma, che da oggi quel poco di lavoro che  ancora c\u00b4era non si sarebbe pi\u00f9 fatto. Ieri sera, a fine turno, negli  uffici di via Pianezza 123 si \u00e8 presentato un individuo dicendo di  essere stato mandato dal commissario Dario Trevisan per ritirare le  chiavi della sede. Di fronte a un\u00b4escalation del genere la loro reazione  \u00e8 stata una sola: l\u00b4occupazione.<\/p>\n<p>La crisi di Omnia service, che in via  Pianezza ha una novantina di addetti, dura da mesi. E il commissario sta  cercando di traghettarla verso l\u00b4amministrazione straordinaria. I  lavoratori intanto ruotano a turno per portare avanti l\u00b4ultima commessa  che hanno e che scadr\u00e0 a dicembre: la gestione del call center della  Aes. Per questo la decisione di chiudere la sede \u00e8 apparsa anomala. E  quando si \u00e8 presentato l\u00b4emissario dell\u00b4avvocato Trevisan, hanno  immediatamente proclamato l\u00b4occupazione e hanno chiamato gli esponenti  del Pd che fino a quel momento avevano seguito la loro sorte.<\/p><\/blockquote>\n","protected":false},"excerpt":{"rendered":"<p>Stefano Parola su Repubblica Via Stefano Esposito Nel giro di 24 ore la situazione dei dipendenti di Omnia Service center \u00e8 letteralmente precipitata. Mercoled\u00ec l\u00b4amministratore giudiziario che ha in mano l\u00b4azienda ha comunicato loro che la loro cassa integrazione non sarebbe pi\u00f9 stata a rotazione bens\u00ec a zero ore. Insomma, che da oggi quel poco &#8230; <a title=\"Precipita la situazione di Omnia\" class=\"read-more\" href=\"https:\/\/www.pasteris.it\/blog\/2010\/10\/01\/precipita-la-situazione-di-omnia\/\" aria-label=\"Per saperne di pi\u00f9 su Precipita la situazione di Omnia\">Leggi tutto<\/a><\/p>\n","protected":false},"author":3,"featured_media":0,"comment_status":"open","ping_status":"open","sticky":false,"template":"","format":"standard","meta":{"footnotes":""},"categories":[11,14],"tags":[426,2160],"class_list":["post-21575","post","type-post","status-publish","format-standard","hentry","category-diritti","category-torino","tag-lavoro","tag-torino"],"_links":{"self":[{"href":"https:\/\/www.pasteris.it\/blog\/wp-json\/wp\/v2\/posts\/21575","targetHints":{"allow":["GET"]}}],"collection":[{"href":"https:\/\/www.pasteris.it\/blog\/wp-json\/wp\/v2\/posts"}],"about":[{"href":"https:\/\/www.pasteris.it\/blog\/wp-json\/wp\/v2\/types\/post"}],"author":[{"embeddable":true,"href":"https:\/\/www.pasteris.it\/blog\/wp-json\/wp\/v2\/users\/3"}],"replies":[{"embeddable":true,"href":"https:\/\/www.pasteris.it\/blog\/wp-json\/wp\/v2\/comments?post=21575"}],"version-history":[{"count":2,"href":"https:\/\/www.pasteris.it\/blog\/wp-json\/wp\/v2\/posts\/21575\/revisions"}],"predecessor-version":[{"id":21577,"href":"https:\/\/www.pasteris.it\/blog\/wp-json\/wp\/v2\/posts\/21575\/revisions\/21577"}],"wp:attachment":[{"href":"https:\/\/www.pasteris.it\/blog\/wp-json\/wp\/v2\/media?parent=21575"}],"wp:term":[{"taxonomy":"category","embeddable":true,"href":"https:\/\/www.pasteris.it\/blog\/wp-json\/wp\/v2\/categories?post=21575"},{"taxonomy":"post_tag","embeddable":true,"href":"https:\/\/www.pasteris.it\/blog\/wp-json\/wp\/v2\/tags?post=21575"}],"curies":[{"name":"wp","href":"https:\/\/api.w.org\/{rel}","templated":true}]}}