{"id":21607,"date":"2010-10-04T10:49:05","date_gmt":"2010-10-04T08:49:05","guid":{"rendered":"http:\/\/www.pasteris.it\/blog\/?p=21607"},"modified":"2010-10-04T22:00:41","modified_gmt":"2010-10-04T20:00:41","slug":"la-fine-dellerba-e-la-necessita-di-uscire-in-mare-aperto","status":"publish","type":"post","link":"https:\/\/www.pasteris.it\/blog\/2010\/10\/04\/la-fine-dellerba-e-la-necessita-di-uscire-in-mare-aperto\/","title":{"rendered":"La fine dell&#8217;erba e la necessit\u00e0 di uscire in mare aperto"},"content":{"rendered":"<p>Da un commento scritto da un lettore di\u00a0 <a title=\"Indirizzo permanente del post E\u2019 finita l\u2019erba: chi risponde alle domande di De Bortoli?\" rel=\"bookmark\" href=\"http:\/\/zambardino.blogautore.repubblica.it\/2010\/10\/02\/e-finita-lerba-chi-risponde-alle-domande-di-de-bortoli\/\">E\u2019 finita l\u2019erba: chi risponde alle domande di De Bortoli?<\/a> di <a href=\":\/\/zambardino.blogautore.repubblica.it\">Vittorio Zambardino<\/a><\/p>\n<blockquote><p>I giornalisti difendono la propria area di privilegio\u2026 Un territorio che non esister\u00e0 pi\u00f9. Finita questa ottusa, caparbia e forte resistenza, non ci sar\u00e0 pi\u00f9 niente da difendere. Bisogner\u00e0 uscire in mare aperto. E saranno cazzi.<br \/>\nQuesto il concetto generale. Sullo specifico: editori e direttori non vogliono avere al fianco colleghi bravi, cazzuti e innovatori. Questo da sempre. A maggior ragione oggi.<\/p><\/blockquote>\n","protected":false},"excerpt":{"rendered":"<p>Da un commento scritto da un lettore di\u00a0 E\u2019 finita l\u2019erba: chi risponde alle domande di De Bortoli? di Vittorio Zambardino I giornalisti difendono la propria area di privilegio\u2026 Un territorio che non esister\u00e0 pi\u00f9. Finita questa ottusa, caparbia e forte resistenza, non ci sar\u00e0 pi\u00f9 niente da difendere. Bisogner\u00e0 uscire in mare aperto. E &#8230; <a title=\"La fine dell&#8217;erba e la necessit\u00e0 di uscire in mare aperto\" class=\"read-more\" href=\"https:\/\/www.pasteris.it\/blog\/2010\/10\/04\/la-fine-dellerba-e-la-necessita-di-uscire-in-mare-aperto\/\" aria-label=\"Per saperne di pi\u00f9 su La fine dell&#8217;erba e la necessit\u00e0 di uscire in mare aperto\">Leggi tutto<\/a><\/p>\n","protected":false},"author":3,"featured_media":0,"comment_status":"open","ping_status":"open","sticky":false,"template":"","format":"standard","meta":{"footnotes":""},"categories":[6,30,32],"tags":[116,905,161,2155],"class_list":["post-21607","post","type-post","status-publish","format-standard","hentry","category-internet","category-media","category-pensieri","tag-digitale","tag-editori","tag-giornalisti","tag-internet"],"_links":{"self":[{"href":"https:\/\/www.pasteris.it\/blog\/wp-json\/wp\/v2\/posts\/21607","targetHints":{"allow":["GET"]}}],"collection":[{"href":"https:\/\/www.pasteris.it\/blog\/wp-json\/wp\/v2\/posts"}],"about":[{"href":"https:\/\/www.pasteris.it\/blog\/wp-json\/wp\/v2\/types\/post"}],"author":[{"embeddable":true,"href":"https:\/\/www.pasteris.it\/blog\/wp-json\/wp\/v2\/users\/3"}],"replies":[{"embeddable":true,"href":"https:\/\/www.pasteris.it\/blog\/wp-json\/wp\/v2\/comments?post=21607"}],"version-history":[{"count":3,"href":"https:\/\/www.pasteris.it\/blog\/wp-json\/wp\/v2\/posts\/21607\/revisions"}],"predecessor-version":[{"id":21609,"href":"https:\/\/www.pasteris.it\/blog\/wp-json\/wp\/v2\/posts\/21607\/revisions\/21609"}],"wp:attachment":[{"href":"https:\/\/www.pasteris.it\/blog\/wp-json\/wp\/v2\/media?parent=21607"}],"wp:term":[{"taxonomy":"category","embeddable":true,"href":"https:\/\/www.pasteris.it\/blog\/wp-json\/wp\/v2\/categories?post=21607"},{"taxonomy":"post_tag","embeddable":true,"href":"https:\/\/www.pasteris.it\/blog\/wp-json\/wp\/v2\/tags?post=21607"}],"curies":[{"name":"wp","href":"https:\/\/api.w.org\/{rel}","templated":true}]}}