{"id":21642,"date":"2010-10-05T21:49:54","date_gmt":"2010-10-05T19:49:54","guid":{"rendered":"http:\/\/www.pasteris.it\/blog\/?p=21642"},"modified":"2010-10-05T21:49:54","modified_gmt":"2010-10-05T19:49:54","slug":"soria-un-buco-da-11-milioni-di-euro","status":"publish","type":"post","link":"https:\/\/www.pasteris.it\/blog\/2010\/10\/05\/soria-un-buco-da-11-milioni-di-euro\/","title":{"rendered":"Soria: un buco da 11 milioni di euro"},"content":{"rendered":"<p><a href=\"http:\/\/www3.lastampa.it\/torino\/sezioni\/cronaca\/articolo\/lstp\/349052\/\">Via Lastampa.it<\/a><\/p>\n<blockquote><p>Undici milioni di deficit e 400 creditori. Ecco il conto finale per Giuliano Soria. A un giorno dal ritorno in aula &#8211; l\u2019udienza \u00e8 fissata per domattina, davanti al gup Edmondo Pio &#8211; si addensano, puntuali come un orologio, altre fosche nubi sul capo del professor Grinzane. Nuovi guai non solo sul fronte penale, ma anche su quello civile. E\u2019 stato depositato ieri dal commissario liquidatore, il commercialista Enrico Stasi, lo stato passivo dell\u2019Associazione che fu di Soria. Un lungo elenco di nomi, tra banche, ex dipendenti, societ\u00e0 varie, che attendono da tempo da Soria soldi mai arrivati. Il sistema funzionava anche cos\u00ec. Compro, poi pagher\u00f2.<\/p>\n<p>Ora, per\u00f2, il conteggio parla chiaro. E mentre il professore destinava i fondi pubblici a fini in molti casi personali (anche con fatture false), dall\u2019altro lato s\u2019ingrossava sempre pi\u00f9 la lista dei debiti. Piccoli e grandi. Che quasi sicuramente, visto il loro ammontare, rischiano di non venire soddisfatti. Prima di tutto, ci sono le banche. San Paolo, Crt, e varie altre casse di risparmio della provincia Granda o del Cuneese, che nelle richieste di risarcimento la fanno da padrone. Soria aveva con loro conti aperti con finalit\u00e0 di garanzia. Poi vengono l\u2019Inps e i dipendenti. Quelli che, all\u2019indomani dell\u2019esplosione dello scandalo, hanno intentato nei confronti del professore cause di lavoro. Molti di loro infatti operavano con contratti a progetto.<\/p>\n<p><!--more--><\/p>\n<p>Ai tempi del Grinzane, erano solo 5 gli assunti, 3 nell\u2019amministrazione e 2 gli stretti collaboratori. Ma in 17 lavoravano. Dodici infatti svolgevano a tutti gli effetti \u00ablavori subordinati, con fuori orario, domeniche e viaggi senza diaria, tutto al di l\u00e0 del pattuito\u00bb, commenta Piero Cal\u00f2, uno dei lavoratori al Grinzane per 3 anni, con la responsabilit\u00e0 di curare la sezione cinema e il sito Internet. Secondo i calcoli, \u00abdovrebbe spettarmi un risarcimento di circa 40 mila euro\u00bb. Buona notizia: a questi collaboratori mai regolarizzati, l\u2019Inps ha deciso di riconoscere i contributi.<\/p><\/blockquote>\n","protected":false},"excerpt":{"rendered":"<p>Via Lastampa.it Undici milioni di deficit e 400 creditori. Ecco il conto finale per Giuliano Soria. A un giorno dal ritorno in aula &#8211; l\u2019udienza \u00e8 fissata per domattina, davanti al gup Edmondo Pio &#8211; si addensano, puntuali come un orologio, altre fosche nubi sul capo del professor Grinzane. Nuovi guai non solo sul fronte &#8230; <a title=\"Soria: un buco da 11 milioni di euro\" class=\"read-more\" href=\"https:\/\/www.pasteris.it\/blog\/2010\/10\/05\/soria-un-buco-da-11-milioni-di-euro\/\" aria-label=\"Per saperne di pi\u00f9 su Soria: un buco da 11 milioni di euro\">Leggi tutto<\/a><\/p>\n","protected":false},"author":3,"featured_media":0,"comment_status":"open","ping_status":"open","sticky":false,"template":"","format":"standard","meta":{"footnotes":""},"categories":[424],"tags":[735,772],"class_list":["post-21642","post","type-post","status-publish","format-standard","hentry","category-personale","tag-grinzane","tag-soria"],"_links":{"self":[{"href":"https:\/\/www.pasteris.it\/blog\/wp-json\/wp\/v2\/posts\/21642","targetHints":{"allow":["GET"]}}],"collection":[{"href":"https:\/\/www.pasteris.it\/blog\/wp-json\/wp\/v2\/posts"}],"about":[{"href":"https:\/\/www.pasteris.it\/blog\/wp-json\/wp\/v2\/types\/post"}],"author":[{"embeddable":true,"href":"https:\/\/www.pasteris.it\/blog\/wp-json\/wp\/v2\/users\/3"}],"replies":[{"embeddable":true,"href":"https:\/\/www.pasteris.it\/blog\/wp-json\/wp\/v2\/comments?post=21642"}],"version-history":[{"count":2,"href":"https:\/\/www.pasteris.it\/blog\/wp-json\/wp\/v2\/posts\/21642\/revisions"}],"predecessor-version":[{"id":21644,"href":"https:\/\/www.pasteris.it\/blog\/wp-json\/wp\/v2\/posts\/21642\/revisions\/21644"}],"wp:attachment":[{"href":"https:\/\/www.pasteris.it\/blog\/wp-json\/wp\/v2\/media?parent=21642"}],"wp:term":[{"taxonomy":"category","embeddable":true,"href":"https:\/\/www.pasteris.it\/blog\/wp-json\/wp\/v2\/categories?post=21642"},{"taxonomy":"post_tag","embeddable":true,"href":"https:\/\/www.pasteris.it\/blog\/wp-json\/wp\/v2\/tags?post=21642"}],"curies":[{"name":"wp","href":"https:\/\/api.w.org\/{rel}","templated":true}]}}