{"id":21677,"date":"2010-10-07T10:13:01","date_gmt":"2010-10-07T08:13:01","guid":{"rendered":"http:\/\/www.pasteris.it\/blog\/?p=21677"},"modified":"2010-10-07T10:13:01","modified_gmt":"2010-10-07T08:13:01","slug":"la-morte-in-diretta-il-caso-di-sarah-scazzi-a-chi-lha-visto","status":"publish","type":"post","link":"https:\/\/www.pasteris.it\/blog\/2010\/10\/07\/la-morte-in-diretta-il-caso-di-sarah-scazzi-a-chi-lha-visto\/","title":{"rendered":"La morte in diretta: il caso di Sarah Scazzi a Chi l&#8217;ha visto"},"content":{"rendered":"<p>La puntata di <a href=\"http:\/\/www.chilhavisto.rai.it\"><em>Chi l&#8217;ha visto<\/em><\/a> di ieri sera \u00e8 diventata un dramma in diretta che forse poteva essere fermato un po&#8217; prima di quanto poi \u00e8 accaduto &#8230;<\/p>\n<p><a href=\"http:\/\/friendfeed.com\/dielle\/0962eb46\/chi-l-ha-visto-sta-succedendo-il-nuovo-vermicino\">La rete ne ha gi\u00e0 discusso ieri sera su Friendfeed<\/a><br \/>\n<object classid=\"clsid:d27cdb6e-ae6d-11cf-96b8-444553540000\" width=\"480\" height=\"385\" codebase=\"http:\/\/download.macromedia.com\/pub\/shockwave\/cabs\/flash\/swflash.cab#version=6,0,40,0\"><param name=\"allowFullScreen\" value=\"true\" \/><param name=\"allowscriptaccess\" value=\"always\" \/><param name=\"src\" value=\"http:\/\/www.youtube.com\/v\/RKO3IomXZJ8?fs=1&amp;hl=it_IT&amp;rel=0\" \/><param name=\"allowfullscreen\" value=\"true\" \/><embed type=\"application\/x-shockwave-flash\" width=\"480\" height=\"385\" src=\"http:\/\/www.youtube.com\/v\/RKO3IomXZJ8?fs=1&amp;hl=it_IT&amp;rel=0\" allowscriptaccess=\"always\" allowfullscreen=\"true\"><\/embed><\/object><\/p>\n","protected":false},"excerpt":{"rendered":"<p>La puntata di Chi l&#8217;ha visto di ieri sera \u00e8 diventata un dramma in diretta che forse poteva essere fermato un po&#8217; prima di quanto poi \u00e8 accaduto &#8230; La rete ne ha gi\u00e0 discusso ieri sera su Friendfeed<\/p>\n","protected":false},"author":3,"featured_media":0,"comment_status":"open","ping_status":"open","sticky":false,"template":"","format":"standard","meta":{"footnotes":""},"categories":[30,32],"tags":[160,281,332],"class_list":["post-21677","post","type-post","status-publish","format-standard","hentry","category-media","category-pensieri","tag-giornalismo","tag-rai","tag-televisione"],"_links":{"self":[{"href":"https:\/\/www.pasteris.it\/blog\/wp-json\/wp\/v2\/posts\/21677","targetHints":{"allow":["GET"]}}],"collection":[{"href":"https:\/\/www.pasteris.it\/blog\/wp-json\/wp\/v2\/posts"}],"about":[{"href":"https:\/\/www.pasteris.it\/blog\/wp-json\/wp\/v2\/types\/post"}],"author":[{"embeddable":true,"href":"https:\/\/www.pasteris.it\/blog\/wp-json\/wp\/v2\/users\/3"}],"replies":[{"embeddable":true,"href":"https:\/\/www.pasteris.it\/blog\/wp-json\/wp\/v2\/comments?post=21677"}],"version-history":[{"count":2,"href":"https:\/\/www.pasteris.it\/blog\/wp-json\/wp\/v2\/posts\/21677\/revisions"}],"predecessor-version":[{"id":21679,"href":"https:\/\/www.pasteris.it\/blog\/wp-json\/wp\/v2\/posts\/21677\/revisions\/21679"}],"wp:attachment":[{"href":"https:\/\/www.pasteris.it\/blog\/wp-json\/wp\/v2\/media?parent=21677"}],"wp:term":[{"taxonomy":"category","embeddable":true,"href":"https:\/\/www.pasteris.it\/blog\/wp-json\/wp\/v2\/categories?post=21677"},{"taxonomy":"post_tag","embeddable":true,"href":"https:\/\/www.pasteris.it\/blog\/wp-json\/wp\/v2\/tags?post=21677"}],"curies":[{"name":"wp","href":"https:\/\/api.w.org\/{rel}","templated":true}]}}