{"id":21689,"date":"2010-10-13T12:46:49","date_gmt":"2010-10-13T10:46:49","guid":{"rendered":"http:\/\/www.pasteris.it\/blog\/?p=21689"},"modified":"2010-10-14T10:01:27","modified_gmt":"2010-10-14T08:01:27","slug":"pasteris-in-the-sky-with-hd","status":"publish","type":"post","link":"https:\/\/www.pasteris.it\/blog\/2010\/10\/13\/pasteris-in-the-sky-with-hd\/","title":{"rendered":"Pasteris in the Sky with HD"},"content":{"rendered":"<p><img loading=\"lazy\" decoding=\"async\" class=\"alignright\" title=\"my sky hd\" src=\"http:\/\/www.abbonamentosky.it\/wp-content\/uploads\/2010\/08\/decoder-my-sky-hd.jpg\" alt=\"\" width=\"300\" height=\"123\" \/>Da una settimana, ora pi\u00f9 o ora meno, la famiglia Pasteris in\u00a0 Torino \u00e8 dotata di un prestigioso servizio di Sky con ottimo decoder <a href=\"http:\/\/www.sky.it\/corporate\/pagine\/pacchetti_servizi\/schede_servizi\/servizio_myskyhd\/scheda_servizio_tab3.shtml\">My Sky HD<\/a> che attraverso una iniziativa con Liquida soggiorner\u00e0 nelle brume torinesi per la met\u00e0 di un anno per permettere di partecipare <a href=\"http:\/\/myskyhd.liquida.it\/\">alla stesura a pi\u00f9 mani di un magazine sull\u2019esperienza di utilizzo di Sky<\/a>.<\/p>\n<p>Qualcuno obietter\u00e0: ma un tipo tecno-giornalistico come VP non aveva a casa propria SKY? Esatto ! Non c\u2019era ombra. La scelta di ascesi mistica auto privatoria si era sviluppata nel tempo in maniera conservativa. Per buona parte del giorno in redazione la televisione teneva costantemente sotto controllo Sky News 24, tanto da far pensare che a casa ci si potesse disintossicare. Poi in casa di tempo e voglia di guardare la televisione ne resta pochina. Per quello che mi cale: molto sport, qualche programma di approfondimento, niente cinema o serie televisive.<\/p>\n<p>Da tempi immemorabili in casa Pasteris si trovava per\u00f2 una parabola, prima addirittura con decoder analogico, poi convertita al digitale . Tra l\u2019altro il posizionamento della parabola stessa<a href=\"http:\/\/www.lastampa.it\/_web\/cmstp\/tmplrubriche\/tecnologia\/grubrica.asp?ID_blog=30&amp;ID_articolo=774&amp;ID_sezione=38&amp;sezione=\"> aveva creato <\/a><a href=\"http:\/\/www.pasteris.it\/blog\/2006\/09\/20\/e-bello-vivere-in-una-citta-vicina-ai-bisogni-dei-suoi-cittadini\/\">problemi con i vigili urbani torinesi<\/a>. La parabola puntava sia su Hotbird che su Astra ricevendo i canali free to air, quelli non criptati per intenderci, per curiosi zapping fra telegiornali arabi, programmi di intrattenimento tedeschi e canali musicali russi. Il tutto condito con le tradizionalmente insuperbili BBC, CNN, France 24 e il meglio di RAI sul satellite. Ce n\u2019era gi\u00e0 da divertirsi. In effetti le <a href=\"http:\/\/www.pasteris.it\/blog\/2009\/08\/23\/il-pasticciaccio-di-mediaset-premium\/\">tragiche<\/a> <a href=\"http:\/\/www.pasteris.it\/blog\/2008\/08\/23\/mediaset-premium-sportello-reclami\/\">esperienze<\/a> con <a href=\"http:\/\/www.pasteris.it\/blog\/2008\/07\/07\/mediaset-premium-i-rimborsi-complicati-e-costosi\/\">Mediaset<\/a> <a href=\"http:\/\/www.pasteris.it\/blog\/2007\/08\/31\/la-gabella-di-mediaset-premium-facciamo-in-modo-di-farla-abolire\/\">Premium<\/a> riccamente descritte in questo blog avevano fatto pensare pi\u00f9 volte a Sky, ma avevamo retto alla tentazione mediatica con risolutezza.<\/p>\n<p><!--more--><\/p>\n<p>In compenso in casa Pasteris si pu\u00f2 trovare un ottimo anche se oramai stagionato TV LCD da 32 pollici, per altro non dotato di ingresso HD. Da qui sono nati i primi dubbi tecnologici, saputo dell\u2019avvento di Sky HD. \u201cOddio funzioner\u00e0 ?\u201d\u00a0 &#8211; \u201cCerto che funziona ! basta usare la scart\u201d. La qualit\u00e0 migliora chiaramente anche se ovviamente non \u00e8 ai livelli di una TV HD compatibile al 100%. Ma ne vale la pena.<\/p>\n<p>Arriviamo dunque all\u2019arrivo dell\u2019installatore. Un ragazo giovane e sveglio, piacevomente senza la fretta di finire \u201calla veloce dato che il tempo \u00e8 denaro\u201d di molti suoi colleghi. L\u2019impianto c\u2019era gi\u00e0 bello che pronto. Occorreva solo cambiare illuminatore. Si \u00e8 passati quindi da una parabola dual feed a una parabola mono feed: soffriremo in silenzio senza Astra. Il cavo coassiale deve essere sdoppiato per essere connesso al decoder HD. Il decoder precedente era gi\u00e0 ibrido, quindi compatibile con satellitare e digitale terrestre. E\u2019 stato quindi semplicissimo connettere al decoder HD anche l<a href=\"http:\/\/www.pasteris.it\/blog\/2009\/10\/20\/la-chiavetta-usb-di-sky-per-il-digitale-terrestre\/\">a digital key di Sky<\/a> , che permette di utilizzarlo sia per il satellite che per il digitale terrestre. Salvo qualche piccolo problema tecnico di connessioni l\u2019operazione \u00e8 stata molto veloce: una mezz\u2019ora abbondante in tutto. Una decina di minuti per sintonizzare i canali digitali terrestri e siamo pronti all\u2019uso.<\/p>\n<p>Il tecnico ha anche reso il telecomando di Sky compatibile con il televisore, in modo da poterlo utilizzare anche per accendere e spegnere lo stesso, semplificando la fruizione televisiva. Avete presente il quotidiano frugare nel piccolo cestino dei telecomandi: televisore, decoder, per i pi\u00f9 sfortunati doppio per digitale terrestre e satellite, lettore di dvd, videoregistratore VHS, che non si sa mai.<\/p>\n<p>I primi giorni sono stati molto interessanti: funziona tutto in maniera semplice e veloce. Si memorizza in fretta la numerazione dei canali. La funzione killer \u00e8 la registrazione in pochi istanti di tutto quello che si vuol. Sia per conservarlo e rivederlo pi\u00f9 volte. Sia quando non si ha tempo o voglia o possibilit\u00e0 di essere in casa per seguirlo in tempo reale. Rende la televisione un elettrodomestico di nuovo amico fedele e non vittima di nevrotici zapping.<\/p>\n<p>Devo ammetterlo per ora i preferiti stanno nell\u2019area da 200 a seguenti: quelli dello sport. Mi sono anche fatto un giro nella sterminata serie di radio disponibili. Mia moglie sta iniziando ad apprezzare i film disponibili. I figli si stanno interessando alla nuova selezione di cartoni animati. Ma di questo parleremo fra qualche settimana \u2026<\/p>\n","protected":false},"excerpt":{"rendered":"<p>Da una settimana, ora pi\u00f9 o ora meno, la famiglia Pasteris in\u00a0 Torino \u00e8 dotata di un prestigioso servizio di Sky con ottimo decoder My Sky HD che attraverso una iniziativa con Liquida soggiorner\u00e0 nelle brume torinesi per la met\u00e0 di un anno per permettere di partecipare alla stesura a pi\u00f9 mani di un magazine &#8230; <a title=\"Pasteris in the Sky with HD\" class=\"read-more\" href=\"https:\/\/www.pasteris.it\/blog\/2010\/10\/13\/pasteris-in-the-sky-with-hd\/\" aria-label=\"Per saperne di pi\u00f9 su Pasteris in the Sky with HD\">Leggi tutto<\/a><\/p>\n","protected":false},"author":3,"featured_media":0,"comment_status":"open","ping_status":"open","sticky":false,"template":"","format":"standard","meta":{"footnotes":""},"categories":[30,32],"tags":[1048,298,1404,332],"class_list":["post-21689","post","type-post","status-publish","format-standard","hentry","category-media","category-pensieri","tag-mediaset-premium","tag-satellite","tag-sky","tag-televisione"],"_links":{"self":[{"href":"https:\/\/www.pasteris.it\/blog\/wp-json\/wp\/v2\/posts\/21689","targetHints":{"allow":["GET"]}}],"collection":[{"href":"https:\/\/www.pasteris.it\/blog\/wp-json\/wp\/v2\/posts"}],"about":[{"href":"https:\/\/www.pasteris.it\/blog\/wp-json\/wp\/v2\/types\/post"}],"author":[{"embeddable":true,"href":"https:\/\/www.pasteris.it\/blog\/wp-json\/wp\/v2\/users\/3"}],"replies":[{"embeddable":true,"href":"https:\/\/www.pasteris.it\/blog\/wp-json\/wp\/v2\/comments?post=21689"}],"version-history":[{"count":4,"href":"https:\/\/www.pasteris.it\/blog\/wp-json\/wp\/v2\/posts\/21689\/revisions"}],"predecessor-version":[{"id":21790,"href":"https:\/\/www.pasteris.it\/blog\/wp-json\/wp\/v2\/posts\/21689\/revisions\/21790"}],"wp:attachment":[{"href":"https:\/\/www.pasteris.it\/blog\/wp-json\/wp\/v2\/media?parent=21689"}],"wp:term":[{"taxonomy":"category","embeddable":true,"href":"https:\/\/www.pasteris.it\/blog\/wp-json\/wp\/v2\/categories?post=21689"},{"taxonomy":"post_tag","embeddable":true,"href":"https:\/\/www.pasteris.it\/blog\/wp-json\/wp\/v2\/tags?post=21689"}],"curies":[{"name":"wp","href":"https:\/\/api.w.org\/{rel}","templated":true}]}}