{"id":21756,"date":"2010-10-12T13:26:22","date_gmt":"2010-10-12T11:26:22","guid":{"rendered":"http:\/\/www.pasteris.it\/blog\/?p=21756"},"modified":"2010-10-12T13:26:22","modified_gmt":"2010-10-12T11:26:22","slug":"nellinferno-di-terzigno-con-youcapital-e-valigia-blu-linchiesta-diventa-realta","status":"publish","type":"post","link":"https:\/\/www.pasteris.it\/blog\/2010\/10\/12\/nellinferno-di-terzigno-con-youcapital-e-valigia-blu-linchiesta-diventa-realta\/","title":{"rendered":"Nell&#8217;inferno di Terzigno con Youcapital e Valigia Blu l&#8217;inchiesta diventa realt\u00e0"},"content":{"rendered":"<p>L&#8217;inchiesta sulle incredibili condizioni di vita accanto  alla discarica riaperta da Bertolaso in Campania. Un reportage  realizzato da Valigia Blu e finanziato dagli abitanti della zona Questo reportage, realizzato dall&#8217;Associazione Cittadini Giornalisti e da Valigia Blu, \u00e8 stato finanziato dai cittadini (soprattutto di Terzigno, Boscoreale, Napoli e Caserta) attraverso la piattaforma internet per il finanziamento solidale delle inchieste giornalistiche, <a href=\"http:\/\/www.youcapital.it\/\">YouCapital<\/a>.<\/p>\n<p><a href=\"http:\/\/espresso.repubblica.it\/dettaglio\/nellinferno-di-terzigno\/2136128\">Arianna Ciccone via l&#8217;Espresso<\/a> (<a href=\"http:\/\/espresso.repubblica.it\/multimedia\/video\/26493119\">qui il video<\/a>)<\/p>\n<blockquote><p>Ma \u00e8 un&#8217;emergenza rifiuti o un&#8217;emergenza democratica? Me lo sono chiesto subito appena arrivata a Terzigno e alla discarica S.A.R.I riaperta due anni fa da Guido Bertolaso per risolvere l&#8217;emergenza rifiuti della Campania.<br \/>\nEra una ex discarica, gli abitanti del vesuviano aspettavano da tempo la bonifica e si sono ritrovati senza fiatare la riapertura, con la promessa che entro un anno il volume dei conferimenti si sarebbe ridotto al minimo grazie all&#8217;entrata in funzione del termovalorizzatore di Acerra. Peccato per\u00f2 che questo, ad oggi, funzioni parzialmente: due linee su tre non sono attive mentre l&#8217;unica linea funzionante la settimana scorsa si \u00e8 fermata per un guasto. Pare che accada spesso. Per quel sacrificio i comuni investiti dalla discarica avrebbero usufruito delle compensazioni, soldi che non sono mai arrivati.<br \/>\n<!--more--><br \/>\nArriviamo alla discarica lungo un percorso fatto di autocompattatori dati alle fiamme durante una delle proteste e parcheggiati l\u00ec a colare percolato e liquidi scuri. Ai lati della strada quello che doveva essere uno dei pi\u00f9 bei posti dell&#8217;Italia, chilometri di vigneti, frutteti, alberi di ulivo e di noccioline ricoperti totalmente di polveri, in un abbraccio violento tra bellezza e bruttezza. Come se un alito di morte avesse soffiato su tutto quel ben di Dio. L&#8217;odore \u00e8 insopportabile, indecente, sconvolgente. La discarica S.A.R.I. \u00e8 una zona protetta dai militari, inaccessibile, ma da un lato \u00e8 possibile vedere tutto, alzandosi su alcune cancellate che fiancheggiano un maneggio, dove soprattutto i bambini vengono a cavalcare.<\/p>\n<p>\u00c8 enorme e fa impressione avere davanti l&#8217;immensit\u00e0 del Parco Nazionale del Vesuvio scavato da dentro da cave ormai inquinate come fossero tumori. Gli operai stanno lavorando e spostano i rifiuti in compagnia dei gabbiani, i veri padroni della zona. La loro presenza tra l&#8217;altro \u00e8 la spia di una discarica &#8220;fatta male&#8221;. Il Vesuvio \u00e8 patrimonio dell&#8217;Unesco, la Commissione Petizioni del Parlamento europeo in visita ad aprile ha dato parere negativo all&#8217;apertura delle discariche.<\/p>\n<p>Ma bastava la logica per arrivare alla stessa conclusione: in questo territorio aprire discariche \u00e8 un vero e proprio &#8220;crimine&#8221; ambientale. E ora pensano di aprire la seconda: Cava Vitiello, che diventerebbe la discarica pi\u00f9 grande d&#8217;Europa con una capacit\u00e0 di stoccaggio stimata ben oltre i 10 milioni di tonnellate. Questo significa che l&#8217;emergenza non si concluder\u00e0 mai, che ci saranno altri 20 anni di sversamento. La gente \u00e8 scesa in strada per dire basta. No alla Cava Vitiello, chiusura della S.A.R.I., rifiuti zero.<\/p><\/blockquote>\n","protected":false},"excerpt":{"rendered":"<p>L&#8217;inchiesta sulle incredibili condizioni di vita accanto alla discarica riaperta da Bertolaso in Campania. Un reportage realizzato da Valigia Blu e finanziato dagli abitanti della zona Questo reportage, realizzato dall&#8217;Associazione Cittadini Giornalisti e da Valigia Blu, \u00e8 stato finanziato dai cittadini (soprattutto di Terzigno, Boscoreale, Napoli e Caserta) attraverso la piattaforma internet per il finanziamento &#8230; <a title=\"Nell&#8217;inferno di Terzigno con Youcapital e Valigia Blu l&#8217;inchiesta diventa realt\u00e0\" class=\"read-more\" href=\"https:\/\/www.pasteris.it\/blog\/2010\/10\/12\/nellinferno-di-terzigno-con-youcapital-e-valigia-blu-linchiesta-diventa-realta\/\" aria-label=\"Per saperne di pi\u00f9 su Nell&#8217;inferno di Terzigno con Youcapital e Valigia Blu l&#8217;inchiesta diventa realt\u00e0\">Leggi tutto<\/a><\/p>\n","protected":false},"author":3,"featured_media":0,"comment_status":"open","ping_status":"open","sticky":false,"template":"","format":"standard","meta":{"footnotes":""},"categories":[49,1],"tags":[2172,239,1329,1303],"class_list":["post-21756","post","type-post","status-publish","format-standard","hentry","category-ambiente","category-politica","tag-ambiente","tag-napoli","tag-valigia-blu","tag-youcapital"],"_links":{"self":[{"href":"https:\/\/www.pasteris.it\/blog\/wp-json\/wp\/v2\/posts\/21756","targetHints":{"allow":["GET"]}}],"collection":[{"href":"https:\/\/www.pasteris.it\/blog\/wp-json\/wp\/v2\/posts"}],"about":[{"href":"https:\/\/www.pasteris.it\/blog\/wp-json\/wp\/v2\/types\/post"}],"author":[{"embeddable":true,"href":"https:\/\/www.pasteris.it\/blog\/wp-json\/wp\/v2\/users\/3"}],"replies":[{"embeddable":true,"href":"https:\/\/www.pasteris.it\/blog\/wp-json\/wp\/v2\/comments?post=21756"}],"version-history":[{"count":2,"href":"https:\/\/www.pasteris.it\/blog\/wp-json\/wp\/v2\/posts\/21756\/revisions"}],"predecessor-version":[{"id":21758,"href":"https:\/\/www.pasteris.it\/blog\/wp-json\/wp\/v2\/posts\/21756\/revisions\/21758"}],"wp:attachment":[{"href":"https:\/\/www.pasteris.it\/blog\/wp-json\/wp\/v2\/media?parent=21756"}],"wp:term":[{"taxonomy":"category","embeddable":true,"href":"https:\/\/www.pasteris.it\/blog\/wp-json\/wp\/v2\/categories?post=21756"},{"taxonomy":"post_tag","embeddable":true,"href":"https:\/\/www.pasteris.it\/blog\/wp-json\/wp\/v2\/tags?post=21756"}],"curies":[{"name":"wp","href":"https:\/\/api.w.org\/{rel}","templated":true}]}}