{"id":21783,"date":"2010-10-13T11:59:37","date_gmt":"2010-10-13T09:59:37","guid":{"rendered":"http:\/\/www.pasteris.it\/blog\/?p=21783"},"modified":"2010-10-14T12:49:41","modified_gmt":"2010-10-14T10:49:41","slug":"in-diretta-dal-sottosuolo-cileno-il-salvataggio-dei-33minatori","status":"publish","type":"post","link":"https:\/\/www.pasteris.it\/blog\/2010\/10\/13\/in-diretta-dal-sottosuolo-cileno-il-salvataggio-dei-33minatori\/","title":{"rendered":"In diretta dal sottosuolo cileno il salvataggio dei 33 minatori"},"content":{"rendered":"<p>UPDATE: le foto del salvataggio <a href=\"http:\/\/www.flickr.com\/photos\/rescatemineros\">via Flickr<\/a><\/p>\n<p><a href=\"http:\/\/www.elmostrador.cl\/noticias\/pais\/2010\/10\/13\/medios-de-todo-el-mundo-siguen-el-maratonico-rescate-en-la-mina-san-jose\/\">Via Elmostrador<\/a><\/p>\n<blockquote><p>Es la noticia que ocupa desde anoche las portadas no s\u00f3lo de los medios  nacionales, sino que de los diarios m\u00e1s importantes e influyentes de  todo el mundo: los 33 mineros atrapados hace dos meses y poco m\u00e1s de una  semana en las profundidades de la mina San Jos\u00e9 comenzaron a ser  rescatados por el ducto de m\u00e1s de 622 metros que desde fines de agosto y  hasta la semana pasada perfor\u00f3 la m\u00e1quina T-130 del denomindo \u201cPlan B\u201d.<\/p><\/blockquote>\n<p><object id=\"utv227161\" classid=\"clsid:d27cdb6e-ae6d-11cf-96b8-444553540000\" width=\"400\" height=\"251\" codebase=\"http:\/\/download.macromedia.com\/pub\/shockwave\/cabs\/flash\/swflash.cab#version=6,0,40,0\"><param name=\"flashvars\" value=\"autoplay=false&amp;brand=embed&amp;cid=4870184&amp;locale=en_US\" \/><param name=\"allowfullscreen\" value=\"true\" \/><param name=\"allowscriptaccess\" value=\"always\" \/><param name=\"src\" value=\"http:\/\/www.ustream.tv\/flash\/live\/1\/4870184?v3=1\" \/><param name=\"name\" value=\"utv_n_943319\" \/><embed id=\"utv227161\" type=\"application\/x-shockwave-flash\" width=\"400\" height=\"251\" src=\"http:\/\/www.ustream.tv\/flash\/live\/1\/4870184?v3=1\" name=\"utv_n_943319\" allowscriptaccess=\"always\" allowfullscreen=\"true\" flashvars=\"autoplay=false&amp;brand=embed&amp;cid=4870184&amp;locale=en_US\"><\/embed><\/object><\/p>\n","protected":false},"excerpt":{"rendered":"<p>UPDATE: le foto del salvataggio via Flickr Via Elmostrador Es la noticia que ocupa desde anoche las portadas no s\u00f3lo de los medios nacionales, sino que de los diarios m\u00e1s importantes e influyentes de todo el mundo: los 33 mineros atrapados hace dos meses y poco m\u00e1s de una semana en las profundidades de la &#8230; <a title=\"In diretta dal sottosuolo cileno il salvataggio dei 33 minatori\" class=\"read-more\" href=\"https:\/\/www.pasteris.it\/blog\/2010\/10\/13\/in-diretta-dal-sottosuolo-cileno-il-salvataggio-dei-33minatori\/\" aria-label=\"Per saperne di pi\u00f9 su In diretta dal sottosuolo cileno il salvataggio dei 33 minatori\">Leggi tutto<\/a><\/p>\n","protected":false},"author":3,"featured_media":0,"comment_status":"open","ping_status":"open","sticky":false,"template":"","format":"standard","meta":{"footnotes":""},"categories":[30,31],"tags":[1435,138,332],"class_list":["post-21783","post","type-post","status-publish","format-standard","hentry","category-media","category-mondo","tag-cile","tag-flickr","tag-televisione"],"_links":{"self":[{"href":"https:\/\/www.pasteris.it\/blog\/wp-json\/wp\/v2\/posts\/21783","targetHints":{"allow":["GET"]}}],"collection":[{"href":"https:\/\/www.pasteris.it\/blog\/wp-json\/wp\/v2\/posts"}],"about":[{"href":"https:\/\/www.pasteris.it\/blog\/wp-json\/wp\/v2\/types\/post"}],"author":[{"embeddable":true,"href":"https:\/\/www.pasteris.it\/blog\/wp-json\/wp\/v2\/users\/3"}],"replies":[{"embeddable":true,"href":"https:\/\/www.pasteris.it\/blog\/wp-json\/wp\/v2\/comments?post=21783"}],"version-history":[{"count":4,"href":"https:\/\/www.pasteris.it\/blog\/wp-json\/wp\/v2\/posts\/21783\/revisions"}],"predecessor-version":[{"id":21785,"href":"https:\/\/www.pasteris.it\/blog\/wp-json\/wp\/v2\/posts\/21783\/revisions\/21785"}],"wp:attachment":[{"href":"https:\/\/www.pasteris.it\/blog\/wp-json\/wp\/v2\/media?parent=21783"}],"wp:term":[{"taxonomy":"category","embeddable":true,"href":"https:\/\/www.pasteris.it\/blog\/wp-json\/wp\/v2\/categories?post=21783"},{"taxonomy":"post_tag","embeddable":true,"href":"https:\/\/www.pasteris.it\/blog\/wp-json\/wp\/v2\/tags?post=21783"}],"curies":[{"name":"wp","href":"https:\/\/api.w.org\/{rel}","templated":true}]}}