{"id":21803,"date":"2010-10-17T14:13:25","date_gmt":"2010-10-17T12:13:25","guid":{"rendered":"http:\/\/www.pasteris.it\/blog\/?p=21803"},"modified":"2010-10-14T14:20:37","modified_gmt":"2010-10-14T12:20:37","slug":"silvio-berlusconi-al-tavolo-sindacale","status":"publish","type":"post","link":"https:\/\/www.pasteris.it\/blog\/2010\/10\/17\/silvio-berlusconi-al-tavolo-sindacale\/","title":{"rendered":"Silvio Berlusconi al tavolo sindacale"},"content":{"rendered":"<p><a href=\"http:\/\/primapagina.wordpress.com\/2010\/10\/11\/ritratti-di-editori-silvio-berlusconi\/\">Via Primapagina<\/a><\/p>\n<blockquote><p><img loading=\"lazy\" decoding=\"async\" class=\"alignright\" title=\"berlusconi giovine\" src=\"http:\/\/primapagina.files.wordpress.com\/2010\/10\/berlusconigiovane.jpg?w=228\" alt=\"\" width=\"228\" height=\"299\" \/>Noi apparteniamo alla Mondadori storica di Arnoldo e poi a quella del  libertario Mario Formenton. Uomini a cui non era certo necessario  chiedere garanzie, loro stessi erano il nostro passaporto nei confronti  del potere economico e politico. Ma su Berlusconi gravano sospetti di  natura politica, di aver fatto parte della P2 di Licio Gelli, di essere  un uomo spregiudicato e con un senso della libert\u00e0 molto stretto. Da lui  vogliamo quel giorno i suoi progetti editoriali, di cancellare i dubbi,  di darci certezze sul piano dell\u2019assoluta libert\u00e0 di espressione e  indipendenza.<\/p>\n<p>Ci guardiamo per un po\u2019, una battuta sui baffi, in una manciata di  minuti capiamo che Berlusconi non sa nulla di piani, \u00e8 lontano mille  miglia dalla faccenda della concentrazione editoriale, lui pensava che  noi fossimo l\u00ec per parlare di soldi. Accenna ad un aumento di stipendio  per tutti i giornalisti, fuori dal contratto integrativo aziendale, una  somma consistente a quei tempi. Cos\u00ec corposa che Letta ha un sobbalzo,  guarda Berlusconi, gli tocca un braccio e poi ci dice: \u201cBeh,  naturalmente questa cifra va ancora valutata bene\u201d. Berlusconi \u00e8  fastidiato, la partita va chiusa, niente scioperi. Se parliamo di  quattrini ci mettiamo d\u2019accordo. Ci fissa mentre aspetta una risposta da  noi, mette una mano dalla parte del portafoglio all\u2019interno della sua  elegante giacca doppiopetto di Caraceni,  e con l\u2019altra strofina il  pollice e l\u2019indice il segno del denaro. Noi ci guardiamo rapidamente e  poi dico: \u201cDottor Berlusconi non \u00e8 per il denaro che siamo qui\u201d. Lui \u00e8  sorpreso, quella  \u00e8 una riunione aziendale. Noto per\u00f2 che \u00e8 uno stupore  quasi genuino. Gli dico che la preoccupazione di tutti \u00e8 la forte  concentrazione editoriale che si \u00e8 creata con questa acquisizione.  L\u2019indipendenza, la libert\u00e0 di stampa, la tradizione democratica della  Mondadori. Quello che leggiamo nei suoi occhi \u00e8: \u201cE allora cosa ci  stiamo a fare qui?\u201d. Lo vede anche Letta che a questo punto si alza:  \u201cForse non abbiamo altro da dirci\u201d. Berlusconi lo segue, si aggiusta  ancora la giacca ed esce . La riunione \u00e8 finita senza saluti. Scopriremo  nei giorni che verranno che quello \u00e8 stato il primo incontro sindacale  nella storia di Berlusconi. Ci saranno giorni di sciopero, di proteste,  di altre assemblee. Berlusconi continuer\u00e0 portare mazzi di rose alle  donne della mensa, ad invitare in villa i suoi nuovi giornalisti, a  regalare penne placcate finto oro.<\/p><\/blockquote>\n","protected":false},"excerpt":{"rendered":"<p>Via Primapagina Noi apparteniamo alla Mondadori storica di Arnoldo e poi a quella del libertario Mario Formenton. Uomini a cui non era certo necessario chiedere garanzie, loro stessi erano il nostro passaporto nei confronti del potere economico e politico. Ma su Berlusconi gravano sospetti di natura politica, di aver fatto parte della P2 di Licio &#8230; <a title=\"Silvio Berlusconi al tavolo sindacale\" class=\"read-more\" href=\"https:\/\/www.pasteris.it\/blog\/2010\/10\/17\/silvio-berlusconi-al-tavolo-sindacale\/\" aria-label=\"Per saperne di pi\u00f9 su Silvio Berlusconi al tavolo sindacale\">Leggi tutto<\/a><\/p>\n","protected":false},"author":3,"featured_media":0,"comment_status":"open","ping_status":"open","sticky":false,"template":"","format":"standard","meta":{"footnotes":""},"categories":[11,30,32],"tags":[69,905],"class_list":["post-21803","post","type-post","status-publish","format-standard","hentry","category-diritti","category-media","category-pensieri","tag-berlusconi","tag-editori"],"_links":{"self":[{"href":"https:\/\/www.pasteris.it\/blog\/wp-json\/wp\/v2\/posts\/21803","targetHints":{"allow":["GET"]}}],"collection":[{"href":"https:\/\/www.pasteris.it\/blog\/wp-json\/wp\/v2\/posts"}],"about":[{"href":"https:\/\/www.pasteris.it\/blog\/wp-json\/wp\/v2\/types\/post"}],"author":[{"embeddable":true,"href":"https:\/\/www.pasteris.it\/blog\/wp-json\/wp\/v2\/users\/3"}],"replies":[{"embeddable":true,"href":"https:\/\/www.pasteris.it\/blog\/wp-json\/wp\/v2\/comments?post=21803"}],"version-history":[{"count":1,"href":"https:\/\/www.pasteris.it\/blog\/wp-json\/wp\/v2\/posts\/21803\/revisions"}],"predecessor-version":[{"id":21804,"href":"https:\/\/www.pasteris.it\/blog\/wp-json\/wp\/v2\/posts\/21803\/revisions\/21804"}],"wp:attachment":[{"href":"https:\/\/www.pasteris.it\/blog\/wp-json\/wp\/v2\/media?parent=21803"}],"wp:term":[{"taxonomy":"category","embeddable":true,"href":"https:\/\/www.pasteris.it\/blog\/wp-json\/wp\/v2\/categories?post=21803"},{"taxonomy":"post_tag","embeddable":true,"href":"https:\/\/www.pasteris.it\/blog\/wp-json\/wp\/v2\/tags?post=21803"}],"curies":[{"name":"wp","href":"https:\/\/api.w.org\/{rel}","templated":true}]}}