{"id":2187,"date":"2007-09-08T20:27:03","date_gmt":"2007-09-08T18:27:03","guid":{"rendered":"http:\/\/www.pasteris.it\/blog\/2007\/09\/08\/il-diario-chiude\/"},"modified":"2007-09-08T20:27:03","modified_gmt":"2007-09-08T18:27:03","slug":"il-diario-chiude","status":"publish","type":"post","link":"https:\/\/www.pasteris.it\/blog\/2007\/09\/08\/il-diario-chiude\/","title":{"rendered":"Il Diario chiude"},"content":{"rendered":"<p>Purtroppo il <a href=\"http:\/\/www.diario.it\/home_diario.php?page=wl07090600\">Diario  &#8220;sospende&#8221; le sue pubblicazioni.<\/a><\/p>\n<blockquote><p>Tenere un diario in pubblico, settimana dopo settimana, \u00e8 un\u2019attivit\u00e0 che in questi undici anni \u00e8 cambiata molto. Il numero di siti web, di blog e in generale lo scambio di notizie \u00e8 fortunatamente cresciuto a dismisura. La \u00abbuona lettura\u00bb \u00e8 stata adottata da molti giornali. La possibilit\u00e0 di sedersi di fronte al proprio lap top e di consultare \u00abin tempo reale\u00bb tutte le fonti di informazione del mondo \u00e8 sempre pi\u00f9 alla portata di tutti. Il mercato pubblicitario (l\u2019unico a tenere in vita i giornali) \u00e8 a noi praticamente precluso, per quella mancanza di do ut des che ci caratterizza e che dal mercato evidentemente \u00e8 stato ben colto.<\/p><\/blockquote>\n","protected":false},"excerpt":{"rendered":"<p>Purtroppo il Diario &#8220;sospende&#8221; le sue pubblicazioni. Tenere un diario in pubblico, settimana dopo settimana, \u00e8 un\u2019attivit\u00e0 che in questi undici anni \u00e8 cambiata molto. Il numero di siti web, di blog e in generale lo scambio di notizie \u00e8 fortunatamente cresciuto a dismisura. La \u00abbuona lettura\u00bb \u00e8 stata adottata da molti giornali. La possibilit\u00e0 &#8230; <a title=\"Il Diario chiude\" class=\"read-more\" href=\"https:\/\/www.pasteris.it\/blog\/2007\/09\/08\/il-diario-chiude\/\" aria-label=\"Per saperne di pi\u00f9 su Il Diario chiude\">Leggi tutto<\/a><\/p>\n","protected":false},"author":4,"featured_media":0,"comment_status":"open","ping_status":"open","sticky":false,"template":"","format":"standard","meta":{"footnotes":""},"categories":[],"tags":[2157,159,176,2169,276,561,363],"class_list":["post-2187","post","type-post","status-publish","format-standard","hentry","tag-blog","tag-giornali","tag-informazione","tag-mondo","tag-pubblicita","tag-tempo","tag-web"],"_links":{"self":[{"href":"https:\/\/www.pasteris.it\/blog\/wp-json\/wp\/v2\/posts\/2187","targetHints":{"allow":["GET"]}}],"collection":[{"href":"https:\/\/www.pasteris.it\/blog\/wp-json\/wp\/v2\/posts"}],"about":[{"href":"https:\/\/www.pasteris.it\/blog\/wp-json\/wp\/v2\/types\/post"}],"author":[{"embeddable":true,"href":"https:\/\/www.pasteris.it\/blog\/wp-json\/wp\/v2\/users\/4"}],"replies":[{"embeddable":true,"href":"https:\/\/www.pasteris.it\/blog\/wp-json\/wp\/v2\/comments?post=2187"}],"version-history":[{"count":0,"href":"https:\/\/www.pasteris.it\/blog\/wp-json\/wp\/v2\/posts\/2187\/revisions"}],"wp:attachment":[{"href":"https:\/\/www.pasteris.it\/blog\/wp-json\/wp\/v2\/media?parent=2187"}],"wp:term":[{"taxonomy":"category","embeddable":true,"href":"https:\/\/www.pasteris.it\/blog\/wp-json\/wp\/v2\/categories?post=2187"},{"taxonomy":"post_tag","embeddable":true,"href":"https:\/\/www.pasteris.it\/blog\/wp-json\/wp\/v2\/tags?post=2187"}],"curies":[{"name":"wp","href":"https:\/\/api.w.org\/{rel}","templated":true}]}}