{"id":21951,"date":"2010-10-25T12:34:04","date_gmt":"2010-10-25T10:34:04","guid":{"rendered":"http:\/\/www.pasteris.it\/blog\/?p=21951"},"modified":"2010-10-25T12:41:07","modified_gmt":"2010-10-25T10:41:07","slug":"un-silenzio-assordante-sulla-situazione-dellinformazione-italiana","status":"publish","type":"post","link":"https:\/\/www.pasteris.it\/blog\/2010\/10\/25\/un-silenzio-assordante-sulla-situazione-dellinformazione-italiana\/","title":{"rendered":"Un silenzio assordante sulla situazione dell&#8217;informazione italiana"},"content":{"rendered":"<p><a href=\"http:\/\/giornalaio.wordpress.com\/2010\/10\/24\/silenzio-assordante\/\">Via Il Giornalaio<\/a><\/p>\n<blockquote><p>Apparentemente contraddittorio, il  silenzio assordante \u00e8 una sensazione che sono certo ciascuno di noi ha  vissuto almeno una volta nella vita. E\u2019 esattamente questo stato d\u2019animo che mi ha mosso ad approfondire il <a title=\"La notizia della classifica del rapporto realizzato da Reporters sans Fronti\u00e8res ha ottenuto il giusto eco in ogni angolo del mondo ed i quotidiani della stragrande maggioranza dei paesi del pianeta hanno segnalato, con maggior o minor approfondimento, la notizia.  Anche nelle nazioni che escono male dal rapporto quali Francia e Spagna la copertura informativa \u00e8 stata assolutamente adeguata.  Non \u00e8 cos\u00ec in Italia dove, ad oggi, vige il silenzio stampa pressoch\u00e9 totale.\" href=\"http:\/\/giornalaio.wordpress.com\/2010\/10\/22\/silenzio-stampa\/\" target=\"_blank\">silenzio stampa<\/a>, trasversale ad ogni orientamento politico, sulle gravi carenze, sulle limitazioni, che  presenta <a title=\"Reporters Sans Frontieres ha pubblicato l\u2019aggiornamento al 2010 dell\u2019annuale rapporto sulla liberta\u2019 di stampa, d\u2019informazione, nel mondo.  L\u2019Italia si colloca al 49esimo posto della classifica mondiale a pari merito con il Burkina Faso.\" href=\"http:\/\/giornalaio.wordpress.com\/2010\/10\/21\/benvenuti-in-burkina-faso\/\" target=\"_blank\">l\u2019informazione<\/a> nel nostro paese.<\/p>\n<p>In una nazione dove l\u2019informazione \u00e8 troppo spesso <a title=\"Non mi meraviglia, conoscendo da vicino il sistema pubblicitario, che Enel abbia eliminato il Fatto Quotidiano dai suoi investimenti pubblicitari, dopo un articolo critico sulle attivit\u00e0 dell\u2019azienda elettrica. Cose che succedono spesso, anche se spesso passano in silenzio, o vengono ricomposte in privato.\" href=\"http:\/\/www.minimarketing.it\/2010\/10\/enel_ritira_pubblicita_fatto.html\" target=\"_blank\">merce<\/a> di <a title=\"L\u2019analisi conferma come il ritorno, in termini di articoli pubblicati, sia direttamente correlato al crescere degli investimenti pubblicitari, aumentando sia in funzione dei comunicati stampa diffusi che del livello di investimento in comunicazione pubblicitaria delle imprese.\" href=\"http:\/\/giornalaio.wordpress.com\/2010\/05\/24\/studio-sulla-correlazione-tra-advertising-e-copertura-giornalistica\/\" target=\"_blank\">scambio<\/a>, che il silenzio dell\u2019editoria nostrana potesse essere il prezzo del <a title=\"La FIEG accoglie con soddisfazione la firma da parte dei Ministri Romani e Tremonti del decreto contenente le nuove tariffe postali ...\" href=\"http:\/\/news.google.it\/news\/story?pz=1&amp;cf=all&amp;ncl=dDG3QkN1ngPuB4Mbu8oCixSNvVcwM\" target=\"_blank\">favore ricevuto<\/a> amareggia ma non sorprende. Decisamente pi\u00f9 anomalo il silenzio sul web dove <a title=\"CLASSIFICA LIBERT\u00c0 DI STAMPA 2010. ITALIA COME IL BURKINA FASO\" href=\"http:\/\/www.liquida.it\/notizie\/2010\/10\/22\/11356498\/libert%C3%A0-di-stampa-unione-europea-anastasia-baburova\/\" target=\"_blank\">apparentemente<\/a> nessuno sembrava interessato. Tra i diversi quotidiani on line l\u2019unico accenno viene fatto dal neo nato Lettera43 che tratta <a title=\"Libert\u00e0 di stampa, adieu! Nella classifica pubblicata dal Nouvel Observateur la Francia \u00e8 44esima.\" href=\"http:\/\/www.lettera43.it\/articolo\/1285\/liberta-di-stampa-adieu.htm\" target=\"_blank\">la notizia<\/a> parlando della Francia senza riferimento alcuno alle dinamiche del nostro paese.<\/p>\n<p><!--more-->Le ricerche sia dei termini \u201clibert\u00e0 di  stampa\u201d che \u201cclassifica libert\u00e0 di stampa\u201d rilasciavano risultati  prevalentemente datati alle indagini precedenti di RSF. Anche l\u2019unico quotidiano nazionale che tratta <a title=\"Libert\u00e0 di stampa, per Rsf Italia 49ma assieme al Burkina Faso\" href=\"http:\/\/www.unita.it\/notizie_flash\/147155\/libert_di_stampa_per_rsf_italia_ma_assieme_al_burkina_faso\" target=\"_blank\">la notizia<\/a> non compare nelle ricerche su google news neppure utilizzando le <a title=\"chiave di ricerca &quot;RSF Libert\u00e0 di stampa&quot;\" href=\"http:\/\/news.google.it\/news\/more?hl=it&amp;safe=off&amp;q=rsf+libert%C3%A0+di+stampa&amp;psj=1&amp;um=1&amp;ie=UTF-8&amp;ncl=dyq43NxXgPKDU2MUT1T868ZYSfM8M&amp;ei=QcbCTOnkH5mS4gb0kf25Aw&amp;sa=X&amp;oi=news_result&amp;ct=more-results&amp;cd=1&amp;resnum=1&amp;ved=0CCYQqgIoADAA\" target=\"_blank\">stesse parole<\/a> [chiave di ricerca &#8220;rsf libert\u00e0 di stampa&#8221;] che consentono di identificare l\u2019articolo nel sito del giornale.<\/p>\n<p>Torna in mente allora come, secondo quanto <a title=\"we regularly receive requests from government agencies around the world to remove content from our services, or provide information about users of our services and products. This map shows the number of requests that we received in six-month blocks with certain limitations.\" href=\"http:\/\/www.google.com\/transparencyreport\/governmentrequests\/?p=2010-06\" target=\"_blank\">pubblicato<\/a> da Google Trasparency, sia uno dei primi paesi per numero di richieste  governative di rimozione dei dati al celebre motore di ricerca e che la  nostra nazione abbia una <a title=\"Social content: Content related to sexuality, gambling, and illegal drugs and alcohol, as well as other topics that may be socially sensitive or perceived as offensive.\" href=\"http:\/\/map.opennet.net\/filtering-soc.html\" target=\"_blank\">classificazione di controllo sociale sul web<\/a> \u201cmedio\u201d. Neppure casuale l\u2019impennata di siti  inaccessibili con un picco proprio il 20 Ottobre [giorno del rilascio  del rapporto di RSF] che utilizzando <a title=\"Italy has 8 reports of inaccessible sites (6 are unique)\" href=\"http:\/\/www.herdict.org\/web\/explore\/country\/IT\/7\" target=\"_blank\">herdict.org<\/a> si ottiene, come testimonia il grafico sottostante che conferma la  tendenza gi\u00e0 evidenziata dall\u2019analisi del traffico bloccato da fonti  governative per quanto riguarda  google news.it come illustra l\u2019immagine  soprarriferita.<\/p><\/blockquote>\n","protected":false},"excerpt":{"rendered":"<p>Via Il Giornalaio Apparentemente contraddittorio, il silenzio assordante \u00e8 una sensazione che sono certo ciascuno di noi ha vissuto almeno una volta nella vita. E\u2019 esattamente questo stato d\u2019animo che mi ha mosso ad approfondire il silenzio stampa, trasversale ad ogni orientamento politico, sulle gravi carenze, sulle limitazioni, che presenta l\u2019informazione nel nostro paese. In &#8230; <a title=\"Un silenzio assordante sulla situazione dell&#8217;informazione italiana\" class=\"read-more\" href=\"https:\/\/www.pasteris.it\/blog\/2010\/10\/25\/un-silenzio-assordante-sulla-situazione-dellinformazione-italiana\/\" aria-label=\"Per saperne di pi\u00f9 su Un silenzio assordante sulla situazione dell&#8217;informazione italiana\">Leggi tutto<\/a><\/p>\n","protected":false},"author":3,"featured_media":0,"comment_status":"open","ping_status":"open","sticky":false,"template":"","format":"standard","meta":{"footnotes":""},"categories":[1,30],"tags":[176,61],"class_list":["post-21951","post","type-post","status-publish","format-standard","hentry","category-politica","category-media","tag-informazione","tag-italia"],"_links":{"self":[{"href":"https:\/\/www.pasteris.it\/blog\/wp-json\/wp\/v2\/posts\/21951","targetHints":{"allow":["GET"]}}],"collection":[{"href":"https:\/\/www.pasteris.it\/blog\/wp-json\/wp\/v2\/posts"}],"about":[{"href":"https:\/\/www.pasteris.it\/blog\/wp-json\/wp\/v2\/types\/post"}],"author":[{"embeddable":true,"href":"https:\/\/www.pasteris.it\/blog\/wp-json\/wp\/v2\/users\/3"}],"replies":[{"embeddable":true,"href":"https:\/\/www.pasteris.it\/blog\/wp-json\/wp\/v2\/comments?post=21951"}],"version-history":[{"count":3,"href":"https:\/\/www.pasteris.it\/blog\/wp-json\/wp\/v2\/posts\/21951\/revisions"}],"predecessor-version":[{"id":21953,"href":"https:\/\/www.pasteris.it\/blog\/wp-json\/wp\/v2\/posts\/21951\/revisions\/21953"}],"wp:attachment":[{"href":"https:\/\/www.pasteris.it\/blog\/wp-json\/wp\/v2\/media?parent=21951"}],"wp:term":[{"taxonomy":"category","embeddable":true,"href":"https:\/\/www.pasteris.it\/blog\/wp-json\/wp\/v2\/categories?post=21951"},{"taxonomy":"post_tag","embeddable":true,"href":"https:\/\/www.pasteris.it\/blog\/wp-json\/wp\/v2\/tags?post=21951"}],"curies":[{"name":"wp","href":"https:\/\/api.w.org\/{rel}","templated":true}]}}