{"id":22066,"date":"2010-11-01T18:34:47","date_gmt":"2010-11-01T16:34:47","guid":{"rendered":"http:\/\/www.pasteris.it\/blog\/?p=22066"},"modified":"2010-11-02T08:40:25","modified_gmt":"2010-11-02T06:40:25","slug":"cose-nostre-per-la-legalita-e-la-cultura-ricordando-angelo-vassallo","status":"publish","type":"post","link":"https:\/\/www.pasteris.it\/blog\/2010\/11\/01\/cose-nostre-per-la-legalita-e-la-cultura-ricordando-angelo-vassallo\/","title":{"rendered":"Cose nostre: per la legalit\u00e0 e la cultura, ricordando Angelo Vassallo"},"content":{"rendered":"<p>Venerd\u00ec 5 novembre 2010, esattamente a due mesi di distanza dal brutale  assassinio &#8211; dalle 20 alle 24 e prima ancora dalle 19.30 come  anticipazione &#8211; andr\u00e0 online a rete unificata una maratona per la  legalit\u00e0. <a href=\"http:\/\/www.cosenostre.tv\/ricordando.htm#\" target=\"_top\">Cose nostre: per la legalit\u00e0 e la cultura, ricordando Angelo Vassallo<\/a>,  questo il titolo della diretta. Per l&#8217;occasione sar\u00e0 attivo questo sito  che raccoglier\u00e0 adesioni, testimonianze di solidariet\u00e0, segnalazioni e  denunce di illegalit\u00e0. La diretta sar\u00e0 trasmessa anche su tutte le micro  web tv aderenti e rilanciata dai grandi network editoriali italiani ed  esteri.<\/p>\n<p><object width=\"560\" height=\"340\"><param name=\"movie\" value=\"http:\/\/www.youtube.com\/v\/7NiIz5loEMI?fs=1&amp;hl=it_IT&amp;rel=0\"><\/param><param name=\"allowFullScreen\" value=\"true\"><\/param><param name=\"allowscriptaccess\" value=\"always\"><\/param><embed src=\"http:\/\/www.youtube.com\/v\/7NiIz5loEMI?fs=1&amp;hl=it_IT&amp;rel=0\" type=\"application\/x-shockwave-flash\" allowscriptaccess=\"always\" allowfullscreen=\"true\" width=\"560\" height=\"340\"><\/embed><\/object><\/p>\n","protected":false},"excerpt":{"rendered":"<p>Venerd\u00ec 5 novembre 2010, esattamente a due mesi di distanza dal brutale assassinio &#8211; dalle 20 alle 24 e prima ancora dalle 19.30 come anticipazione &#8211; andr\u00e0 online a rete unificata una maratona per la legalit\u00e0. Cose nostre: per la legalit\u00e0 e la cultura, ricordando Angelo Vassallo, questo il titolo della diretta. Per l&#8217;occasione sar\u00e0 &#8230; <a title=\"Cose nostre: per la legalit\u00e0 e la cultura, ricordando Angelo Vassallo\" class=\"read-more\" href=\"https:\/\/www.pasteris.it\/blog\/2010\/11\/01\/cose-nostre-per-la-legalita-e-la-cultura-ricordando-angelo-vassallo\/\" aria-label=\"Per saperne di pi\u00f9 su Cose nostre: per la legalit\u00e0 e la cultura, ricordando Angelo Vassallo\">Leggi tutto<\/a><\/p>\n","protected":false},"author":3,"featured_media":0,"comment_status":"open","ping_status":"open","sticky":false,"template":"","format":"standard","meta":{"footnotes":""},"categories":[11,32],"tags":[2158,1153],"class_list":["post-22066","post","type-post","status-publish","format-standard","hentry","category-diritti","category-pensieri","tag-diritti","tag-webtv"],"_links":{"self":[{"href":"https:\/\/www.pasteris.it\/blog\/wp-json\/wp\/v2\/posts\/22066","targetHints":{"allow":["GET"]}}],"collection":[{"href":"https:\/\/www.pasteris.it\/blog\/wp-json\/wp\/v2\/posts"}],"about":[{"href":"https:\/\/www.pasteris.it\/blog\/wp-json\/wp\/v2\/types\/post"}],"author":[{"embeddable":true,"href":"https:\/\/www.pasteris.it\/blog\/wp-json\/wp\/v2\/users\/3"}],"replies":[{"embeddable":true,"href":"https:\/\/www.pasteris.it\/blog\/wp-json\/wp\/v2\/comments?post=22066"}],"version-history":[{"count":4,"href":"https:\/\/www.pasteris.it\/blog\/wp-json\/wp\/v2\/posts\/22066\/revisions"}],"predecessor-version":[{"id":22069,"href":"https:\/\/www.pasteris.it\/blog\/wp-json\/wp\/v2\/posts\/22066\/revisions\/22069"}],"wp:attachment":[{"href":"https:\/\/www.pasteris.it\/blog\/wp-json\/wp\/v2\/media?parent=22066"}],"wp:term":[{"taxonomy":"category","embeddable":true,"href":"https:\/\/www.pasteris.it\/blog\/wp-json\/wp\/v2\/categories?post=22066"},{"taxonomy":"post_tag","embeddable":true,"href":"https:\/\/www.pasteris.it\/blog\/wp-json\/wp\/v2\/tags?post=22066"}],"curies":[{"name":"wp","href":"https:\/\/api.w.org\/{rel}","templated":true}]}}