{"id":2213,"date":"2007-09-13T19:55:17","date_gmt":"2007-09-13T17:55:17","guid":{"rendered":"http:\/\/www.pasteris.it\/blog\/2007\/09\/13\/le-faq-su-beppe-grillo\/"},"modified":"2007-09-13T19:55:17","modified_gmt":"2007-09-13T17:55:17","slug":"le-faq-su-beppe-grillo","status":"publish","type":"post","link":"https:\/\/www.pasteris.it\/blog\/2007\/09\/13\/le-faq-su-beppe-grillo\/","title":{"rendered":"Le FAQ su Beppe Grillo"},"content":{"rendered":"<p><a href=\"http:\/\/www.lastampa.it\/_web\/cmstp\/tmplRubriche\/giornalisti\/grubrica.asp?ID_blog=146&#038;ID_articolo=53&#038;ID_sezione=309&#038;sezione=\">Andrea Romano su Lastampa.it<\/a><\/p>\n<blockquote><p>Per una volta utilizzo questo spazio non inserirvi un mio articolo gi\u00e0  pubblicato sulla Stampa, ma per rispondere ad alcuni dei commenti che sono stati  inviati al <a href=\"http:\/\/www.lastampa.it\/_web\/cmstp\/tmplRubriche\/giornalisti\/grubrica.asp?ID_blog=146&#038;ID_articolo=51&#038;ID_sezione=309&#038;sezione=Il%20senno%20di%20poi\">mio  pezzo di luned\u00ec 10<\/a> settembre sul V-Day e Beppe Grillo. Tra le molte  centinaia di insulti che quel pezzo si \u00e8 tirato dietro passando attraverso il  blog di Grillo \u2013 che dicono gi\u00e0 tutto sui loro autori e sui quali ho gi\u00e0 scritto  il <a href=\"http:\/\/www.lastampa.it\/_web\/cmstp\/tmplRubriche\/giornalisti\/grubrica.asp?ID_blog=146&#038;ID_articolo=52&#038;ID_sezione=309&#038;sezione=Il%20senno%20di%20poi\">12  settembre <\/a>&#8211; vi sono stati alcuni lettori che mi hanno rivolto critiche  pacate e ragionevoli alle quali non voglio sottrarmi. Per comodit\u00e0 le ho  organizzate intorno ad alcuni punti riassuntivi.<\/p><\/blockquote>\n","protected":false},"excerpt":{"rendered":"<p>Andrea Romano su Lastampa.it Per una volta utilizzo questo spazio non inserirvi un mio articolo gi\u00e0 pubblicato sulla Stampa, ma per rispondere ad alcuni dei commenti che sono stati inviati al mio pezzo di luned\u00ec 10 settembre sul V-Day e Beppe Grillo. Tra le molte centinaia di insulti che quel pezzo si \u00e8 tirato dietro &#8230; <a title=\"Le FAQ su Beppe Grillo\" class=\"read-more\" href=\"https:\/\/www.pasteris.it\/blog\/2007\/09\/13\/le-faq-su-beppe-grillo\/\" aria-label=\"Per saperne di pi\u00f9 su Le FAQ su Beppe Grillo\">Leggi tutto<\/a><\/p>\n","protected":false},"author":4,"featured_media":0,"comment_status":"open","ping_status":"open","sticky":false,"template":"","format":"standard","meta":{"footnotes":""},"categories":[],"tags":[2157,159,161,193,289,509,363],"class_list":["post-2213","post","type-post","status-publish","format-standard","hentry","tag-blog","tag-giornali","tag-giornalisti","tag-lastampa","tag-roma","tag-spazio","tag-web"],"_links":{"self":[{"href":"https:\/\/www.pasteris.it\/blog\/wp-json\/wp\/v2\/posts\/2213","targetHints":{"allow":["GET"]}}],"collection":[{"href":"https:\/\/www.pasteris.it\/blog\/wp-json\/wp\/v2\/posts"}],"about":[{"href":"https:\/\/www.pasteris.it\/blog\/wp-json\/wp\/v2\/types\/post"}],"author":[{"embeddable":true,"href":"https:\/\/www.pasteris.it\/blog\/wp-json\/wp\/v2\/users\/4"}],"replies":[{"embeddable":true,"href":"https:\/\/www.pasteris.it\/blog\/wp-json\/wp\/v2\/comments?post=2213"}],"version-history":[{"count":0,"href":"https:\/\/www.pasteris.it\/blog\/wp-json\/wp\/v2\/posts\/2213\/revisions"}],"wp:attachment":[{"href":"https:\/\/www.pasteris.it\/blog\/wp-json\/wp\/v2\/media?parent=2213"}],"wp:term":[{"taxonomy":"category","embeddable":true,"href":"https:\/\/www.pasteris.it\/blog\/wp-json\/wp\/v2\/categories?post=2213"},{"taxonomy":"post_tag","embeddable":true,"href":"https:\/\/www.pasteris.it\/blog\/wp-json\/wp\/v2\/tags?post=2213"}],"curies":[{"name":"wp","href":"https:\/\/api.w.org\/{rel}","templated":true}]}}