{"id":22241,"date":"2010-11-11T08:50:31","date_gmt":"2010-11-11T06:50:31","guid":{"rendered":"http:\/\/www.pasteris.it\/blog\/?p=22241"},"modified":"2010-11-11T04:31:28","modified_gmt":"2010-11-11T02:31:28","slug":"giornalismo-digitale-iperlocale-a-roma-appuntamento-a-sabato-prossimo","status":"publish","type":"post","link":"https:\/\/www.pasteris.it\/blog\/2010\/11\/11\/giornalismo-digitale-iperlocale-a-roma-appuntamento-a-sabato-prossimo\/","title":{"rendered":"Giornalismo digitale (iper)locale a Roma: appuntamento a sabato prossimo"},"content":{"rendered":"<p>Siamo molto felici dei moltissimi iscritti a<a href=\"http:\/\/giornalismoiperlocale.wikispaces.com\/\">ll&#8217;evento dedicato al giornalismo digitale in programma Sabato 13 novembre 2010, dalle 10.30 alle 18.30 a Roma<\/a>, presso la Vetreria Sciarra, dove ha sede il <a rel=\"nofollow\" href=\"http:\/\/digilab.uniroma1.it\/\">Digilab<\/a> dell&#8217;Universit\u00e0 La Sapienza (<a rel=\"nofollow\" href=\"http:\/\/maps.google.it\/maps?f=q&amp;source=s_q&amp;hl=it&amp;geocode=&amp;q=Volsci+122+roma&amp;sll=41.902852,12.515745&amp;sspn=0.022582,0.042272&amp;ie=UTF8&amp;hq=&amp;hnear=Via+dei+Volsci,+122,+00185+Roma,+Lazio&amp;t=h&amp;z=16\">via dei Volsci 122<\/a>).<a href=\"http:\/\/giornalismoiperlocale.wikispaces.com\/\"> Sul wiki<\/a> avete ancora spazio e tempo per iscrizioni dell&#8217;ultima ora<\/p>\n<blockquote><p>Un incontro informale per tutte le persone che in Italia si interessano,  in un modo e nell&#8217;altro, di giornalismo online e in genere di  giornalismo digitale. Tesserati e non tesserati, professionisti e non,  studenti e studiosi: tutti sono benvenuti. Si discuter\u00e0 se e come dare  vita a una qualche forma associativa perch\u00e9 anche in Italia esista un  luogo dove chi &#8220;commette atti di giornalismo&#8221; online possa discutere,  confrontare le pratiche, formarsi. L&#8217;esempio \u00e8 la <a rel=\"nofollow\" href=\"http:\/\/www.journalists.org\/\">Online News Association (ONA)<\/a>, la pi\u00f9 grande organizzazione professionale del settore, della quale alcuni dei promotori sono membri.<\/p>\n<p>Si comincia discutendo di giornalismo locale digitale, anche con la  partecipazione in videoconferenza di alcuni colleghi stranieri che  racconteranno le loro esperienze (lingua inglese) e si parler\u00e0 di  progetti futuri. In questo quadro sar\u00e0 presentato anche il Digilab, il  centro di ricerca interdisciplinare della Sapienza Universit\u00e0 di Roma  che ci ospita e che potrebbe essere il luogo di ulteriori  collaborazioni.<\/p><\/blockquote>\n","protected":false},"excerpt":{"rendered":"<p>Siamo molto felici dei moltissimi iscritti all&#8217;evento dedicato al giornalismo digitale in programma Sabato 13 novembre 2010, dalle 10.30 alle 18.30 a Roma, presso la Vetreria Sciarra, dove ha sede il Digilab dell&#8217;Universit\u00e0 La Sapienza (via dei Volsci 122). Sul wiki avete ancora spazio e tempo per iscrizioni dell&#8217;ultima ora Un incontro informale per tutte &#8230; <a title=\"Giornalismo digitale (iper)locale a Roma: appuntamento a sabato prossimo\" class=\"read-more\" href=\"https:\/\/www.pasteris.it\/blog\/2010\/11\/11\/giornalismo-digitale-iperlocale-a-roma-appuntamento-a-sabato-prossimo\/\" aria-label=\"Per saperne di pi\u00f9 su Giornalismo digitale (iper)locale a Roma: appuntamento a sabato prossimo\">Leggi tutto<\/a><\/p>\n","protected":false},"author":4,"featured_media":0,"comment_status":"open","ping_status":"open","sticky":false,"template":"","format":"standard","meta":{"footnotes":""},"categories":[6,30],"tags":[116,161,2155],"class_list":["post-22241","post","type-post","status-publish","format-standard","hentry","category-internet","category-media","tag-digitale","tag-giornalisti","tag-internet"],"_links":{"self":[{"href":"https:\/\/www.pasteris.it\/blog\/wp-json\/wp\/v2\/posts\/22241","targetHints":{"allow":["GET"]}}],"collection":[{"href":"https:\/\/www.pasteris.it\/blog\/wp-json\/wp\/v2\/posts"}],"about":[{"href":"https:\/\/www.pasteris.it\/blog\/wp-json\/wp\/v2\/types\/post"}],"author":[{"embeddable":true,"href":"https:\/\/www.pasteris.it\/blog\/wp-json\/wp\/v2\/users\/4"}],"replies":[{"embeddable":true,"href":"https:\/\/www.pasteris.it\/blog\/wp-json\/wp\/v2\/comments?post=22241"}],"version-history":[{"count":2,"href":"https:\/\/www.pasteris.it\/blog\/wp-json\/wp\/v2\/posts\/22241\/revisions"}],"predecessor-version":[{"id":22243,"href":"https:\/\/www.pasteris.it\/blog\/wp-json\/wp\/v2\/posts\/22241\/revisions\/22243"}],"wp:attachment":[{"href":"https:\/\/www.pasteris.it\/blog\/wp-json\/wp\/v2\/media?parent=22241"}],"wp:term":[{"taxonomy":"category","embeddable":true,"href":"https:\/\/www.pasteris.it\/blog\/wp-json\/wp\/v2\/categories?post=22241"},{"taxonomy":"post_tag","embeddable":true,"href":"https:\/\/www.pasteris.it\/blog\/wp-json\/wp\/v2\/tags?post=22241"}],"curies":[{"name":"wp","href":"https:\/\/api.w.org\/{rel}","templated":true}]}}